{"id":68566,"date":"2023-06-21T09:47:06","date_gmt":"2023-06-21T12:47:06","guid":{"rendered":"https:\/\/corrientesdetarde.com\/?p=68566"},"modified":"2023-06-21T09:47:08","modified_gmt":"2023-06-21T12:47:08","slug":"mexico-y-brasil-pediran-a-estados-unidos-apoyo-por-la-deuda-argentina","status":"publish","type":"post","link":"https:\/\/corrientesdetarde.com\/index.php\/economia\/mexico-y-brasil-pediran-a-estados-unidos-apoyo-por-la-deuda-argentina\/","title":{"rendered":"M\u00e9xico y Brasil pedir\u00e1n a Estados Unidos apoyo por la deuda argentina"},"content":{"rendered":"\n<p>Lo revel\u00f3 el presidente mexicano, Andr\u00e9s Manuel L\u00f3pez Obrador.<\/p>\n\n\n\n<p>Los gobiernos de\u00a0<strong>M\u00e9xico y Brasil<\/strong>\u00a0le pedir\u00e1n a\u00a0<strong>Estados Unidos<\/strong>\u00a0que apoye a la Argentina en medio de la crisis financiera y la\u00a0<strong>renegociaci\u00f3n de su deuda.<\/strong><\/p>\n\n\n\n<p>As\u00ed lo revel\u00f3 el mandatario mexicano,&nbsp;<strong>Andr\u00e9s Manuel L\u00f3pez Obrador (AMLO)<\/strong>, al anticipar que firmar\u00e1 una carta para pedirle al presidente de los Estados Unidos, Joe Biden, que interceda en favor de Argentina.<\/p>\n\n\n\n<p>El canciller&nbsp;<strong>Santiago Cafiero<\/strong>&nbsp;ven\u00eda trabajando con el gobierno mexicano lo que ahora hizo p\u00fablico AMLO, sin mencionar qu\u00e9 presidentes la firmar\u00e1n, aunque trascendi\u00f3 que tambi\u00e9n ser\u00eda de la partida el brasile\u00f1o<strong>&nbsp;Luis Inacio Lula da Silva.<\/strong><\/p>\n\n\n\n<p>Tambi\u00e9n los gobiernos de Argentina y Chile trabajan en una muy posible visita de L\u00f3pez Obrador a Buenos Aires y Santiago, adonde quiere participar de los repudios y actos en el pa\u00eds trasandino por el 50 aniversario del golpe de estado a Salvador Allende.<\/p>\n\n\n\n<p><strong>&#8220;Ayer me mandaron una carta que se quiere enviar al presidente Biden<\/strong>, de algunos presidentes de Am\u00e9rica, para que se ayude al pueblo de Argentina a salir de su crisis econ\u00f3mica, financiera, y que el Fondo Monetario Internacional (FMI) asuma su responsabilidad&#8221;, dijo el mandatario mexicano.<\/p>\n\n\n\n<p>No es la primera vez que<strong>&nbsp;L\u00f3pez Obrador<\/strong>&nbsp;intercede verbalmente en favor de la Argentina, y lo hizo en el mismo tono que Lula da Silva cuando el 2 de mayo pasado, durante un viaje de apuro de Alberto Fern\u00e1ndez a pedirle ayuda, dijo que iba a buscar que el FMI le sacara &#8220;el cuchillo del cuello a la Argentina&#8221;.<\/p>\n\n\n\n<p>Este martes,<strong>&nbsp;L\u00f3pez Obrador se extendi\u00f3 sobre la crisis en Argentina y sobre el dilema de los US$ 44.000 millones comprometidos con el Fondo<\/strong>&nbsp;y con los diferentes pagos que se adeudan en la reprogramaci\u00f3n del pago total de la deuda.<\/p>\n\n\n\n<p>&#8220;\u00bfC\u00f3mo no va a saber un banco si un cliente tiene o no tiene solvencia?&#8221;, se\u00f1al\u00f3 L\u00f3pez Obrador sobre el FMI.<\/p>\n\n\n\n<p>Garantiz\u00f3 que \u00e9l firmar\u00e1 la carta destinada a Biden porque &#8220;se tiene que ayudar a Argentina&#8221;.<\/p>\n\n\n\n<p>L\u00f3pez Obrador respald\u00f3 al presidente Alberto Fern\u00e1ndez, al<strong>&nbsp;responsabilizar a su antecesor, Mauricio Macri (2015-2019), de la crisis que padece el pa\u00eds.<\/strong><\/p>\n\n\n\n<p>Dijo que Fern\u00e1ndez &#8220;recibi\u00f3 a Argentina, la hacienda p\u00fablica de Argentina, con un endeudamiento exagerado&#8221;, porque &#8220;los conservadores y la derecha de Argentina&#8221; quer\u00edan que se &#8220;reeligiera Macri&#8221; con el apoyo de Estados Unidos, que entonces estaba gobernado por&nbsp;<strong>Donald Trump<\/strong>, y de organismos internacionales.<\/p>\n\n\n\n<p>&#8220;Entonces, como hay alianzas, sobre todo con organismos financieros internacionales, tambi\u00e9n con gobiernos extranjeros,&nbsp;<strong>se le otorgaron cr\u00e9ditos a Argentina m\u00e1s all\u00e1 de su capacidad de pago para que derramaran recursos antes de la elecci\u00f3n y Macri quedara de nuevo como presidente&#8221;<\/strong>, dijo AMLO.<\/p>\n\n\n\n<p>Y lament\u00f3 que&nbsp;<strong>&#8220;el Fondo Monetario autoriz\u00f3 por consigna de pol\u00edticos de Estados Unidos cr\u00e9ditos que de antemano sab\u00edan que no se iban a poder pagar<\/strong>&#8220;.<\/p>\n","protected":false},"excerpt":{"rendered":"<p>Lo revel\u00f3 el presidente mexicano, Andr\u00e9s Manuel L\u00f3pez Obrador. Los gobiernos de\u00a0M\u00e9xico y Brasil\u00a0le pedir\u00e1n a\u00a0Estados Unidos\u00a0que apoye a la Argentina en medio de la crisis financiera y la\u00a0renegociaci\u00f3n de&hellip; <\/p>\n","protected":false},"author":4,"featured_media":68567,"comment_status":"closed","ping_status":"open","sticky":false,"template":"","format":"standard","meta":{"footnotes":""},"categories":[20],"tags":[],"class_list":["post-68566","post","type-post","status-publish","format-standard","has-post-thumbnail","hentry","category-economia"],"_links":{"self":[{"href":"https:\/\/corrientesdetarde.com\/index.php\/wp-json\/wp\/v2\/posts\/68566","targetHints":{"allow":["GET"]}}],"collection":[{"href":"https:\/\/corrientesdetarde.com\/index.php\/wp-json\/wp\/v2\/posts"}],"about":[{"href":"https:\/\/corrientesdetarde.com\/index.php\/wp-json\/wp\/v2\/types\/post"}],"author":[{"embeddable":true,"href":"https:\/\/corrientesdetarde.com\/index.php\/wp-json\/wp\/v2\/users\/4"}],"replies":[{"embeddable":true,"href":"https:\/\/corrientesdetarde.com\/index.php\/wp-json\/wp\/v2\/comments?post=68566"}],"version-history":[{"count":1,"href":"https:\/\/corrientesdetarde.com\/index.php\/wp-json\/wp\/v2\/posts\/68566\/revisions"}],"predecessor-version":[{"id":68568,"href":"https:\/\/corrientesdetarde.com\/index.php\/wp-json\/wp\/v2\/posts\/68566\/revisions\/68568"}],"wp:featuredmedia":[{"embeddable":true,"href":"https:\/\/corrientesdetarde.com\/index.php\/wp-json\/wp\/v2\/media\/68567"}],"wp:attachment":[{"href":"https:\/\/corrientesdetarde.com\/index.php\/wp-json\/wp\/v2\/media?parent=68566"}],"wp:term":[{"taxonomy":"category","embeddable":true,"href":"https:\/\/corrientesdetarde.com\/index.php\/wp-json\/wp\/v2\/categories?post=68566"},{"taxonomy":"post_tag","embeddable":true,"href":"https:\/\/corrientesdetarde.com\/index.php\/wp-json\/wp\/v2\/tags?post=68566"}],"curies":[{"name":"wp","href":"https:\/\/api.w.org\/{rel}","templated":true}]}}