{"id":68578,"date":"2023-06-21T10:06:24","date_gmt":"2023-06-21T13:06:24","guid":{"rendered":"https:\/\/corrientesdetarde.com\/?p=68578"},"modified":"2023-06-21T10:06:28","modified_gmt":"2023-06-21T13:06:28","slug":"la-provincia-comenzo-a-pavimentar-la-avenida-frondizi-tras-reconstruir-el-ducto-de-desague-maestro-colapsado","status":"publish","type":"post","link":"https:\/\/corrientesdetarde.com\/index.php\/locales\/la-provincia-comenzo-a-pavimentar-la-avenida-frondizi-tras-reconstruir-el-ducto-de-desague-maestro-colapsado\/","title":{"rendered":"La Provincia comenz\u00f3 a pavimentar la avenida Frondizi tras reconstruir el ducto de desag\u00fce maestro colapsado"},"content":{"rendered":"\n<p>El Gobierno Provincial comenz\u00f3 la pavimentaci\u00f3n&nbsp;de la Avenida Frondizi, entre Cuba y Loreto, tras concluir la reconstrucci\u00f3n&nbsp;de conducto pluvial maestro&nbsp;que atraviesa el sector a m\u00e1s de 10 metros de profundidad, que vino a dar soluci\u00f3n eficiente a un viejo&nbsp;problema de desag\u00fces y anegamiento en esa parte de la ciudad de Corrientes.<\/p>\n\n\n\n<p>Luego de un intenso proceso de rellenado y compactaci\u00f3n del suelo, debido a la profundidad\u00a0donde se debi\u00f3 trabajar para reconstruir el ducto, estas obras llevadas adelante por el Ministerio de Obras y Servicios P\u00fablicos, a trav\u00e9s de su Unidad Ejecutora,\u00a0\u00a0contin\u00faan\u00a0en la actualidad\u00a0con la preparaci\u00f3n de la base de arena cemento\u00a0\u00a0que sustentar\u00e1 el\u00a0pavimento de hormig\u00f3n armado\u00a0con que se rehabilitar\u00e1 la calzada de la avenida\u00a0la avenida Frondizi en el sector intervenido.<\/p>\n\n\n\n<figure class=\"wp-block-image size-full\"><img loading=\"lazy\" decoding=\"async\" width=\"795\" height=\"479\" src=\"https:\/\/corrientesdetarde.com\/wp-content\/uploads\/2023\/06\/Captura-de-pantalla-2023-06-21-083820.png\" alt=\"\" class=\"wp-image-68579\" srcset=\"https:\/\/corrientesdetarde.com\/wp-content\/uploads\/2023\/06\/Captura-de-pantalla-2023-06-21-083820.png 795w, https:\/\/corrientesdetarde.com\/wp-content\/uploads\/2023\/06\/Captura-de-pantalla-2023-06-21-083820-300x181.png 300w, https:\/\/corrientesdetarde.com\/wp-content\/uploads\/2023\/06\/Captura-de-pantalla-2023-06-21-083820-768x463.png 768w\" sizes=\"auto, (max-width: 795px) 100vw, 795px\" \/><\/figure>\n\n\n\n<p><strong>Los trabajos<\/strong><\/p>\n\n\n\n<p>&nbsp;La zona de obra tiene una extensi\u00f3n aproximada de 120 metros, donde se construy\u00f3,&nbsp;a una profundidad promedio de poco menos de 11 metros,&nbsp;dos (2) l\u00edneas de tubos de hormig\u00f3n armado premoldeado de 2,00 metros de di\u00e1metro y c\u00e1maras de inspecci\u00f3n con acceso para operaci\u00f3n y control, as\u00ed como c\u00e1maras de inspecci\u00f3n con acceso para limpieza.<\/p>\n\n\n\n<p>En ese tramo de la avenida Frondizi tambi\u00e9n se le provey\u00f3&nbsp;de sumideros de hormig\u00f3n armado con c\u00e1mara de limpieza, cuyo desag\u00fce acometer\u00e1&nbsp;a las c\u00e1maras de inspecci\u00f3n del conducto, impidiendo que esta descarga&nbsp;se dirija a los ductos de limpieza y observaci\u00f3n.<\/p>\n\n\n\n<p><strong>Importancia de la obra<\/strong><\/p>\n\n\n\n<p>Dicho sector ante eventos extremos de lluvias se inunda r\u00e1pidamente, generando problemas continuos de anegamientos, lo que sumado al deteriorado conducto de desag\u00fce pluvial existente, ahora reconstruido,&nbsp;provocaba hundimientos en los pavimentos contiguos y un lento escurrimiento pluvial . Por dicho conducto , es bueno consignar, desagua el agua de&nbsp;lluvia de m\u00e1s de 15 barrios, representando casi el 40% de la capacidad pluvial de la ciudad, que desemboca en el arroyo Pirayu\u00ed.&nbsp;<\/p>\n","protected":false},"excerpt":{"rendered":"<p>El Gobierno Provincial comenz\u00f3 la pavimentaci\u00f3n&nbsp;de la Avenida Frondizi, entre Cuba y Loreto, tras concluir la reconstrucci\u00f3n&nbsp;de conducto pluvial maestro&nbsp;que atraviesa el sector a m\u00e1s de 10 metros de profundidad,&hellip; <\/p>\n","protected":false},"author":4,"featured_media":68580,"comment_status":"closed","ping_status":"open","sticky":false,"template":"","format":"standard","meta":{"footnotes":""},"categories":[8],"tags":[],"class_list":["post-68578","post","type-post","status-publish","format-standard","has-post-thumbnail","hentry","category-locales"],"_links":{"self":[{"href":"https:\/\/corrientesdetarde.com\/index.php\/wp-json\/wp\/v2\/posts\/68578","targetHints":{"allow":["GET"]}}],"collection":[{"href":"https:\/\/corrientesdetarde.com\/index.php\/wp-json\/wp\/v2\/posts"}],"about":[{"href":"https:\/\/corrientesdetarde.com\/index.php\/wp-json\/wp\/v2\/types\/post"}],"author":[{"embeddable":true,"href":"https:\/\/corrientesdetarde.com\/index.php\/wp-json\/wp\/v2\/users\/4"}],"replies":[{"embeddable":true,"href":"https:\/\/corrientesdetarde.com\/index.php\/wp-json\/wp\/v2\/comments?post=68578"}],"version-history":[{"count":1,"href":"https:\/\/corrientesdetarde.com\/index.php\/wp-json\/wp\/v2\/posts\/68578\/revisions"}],"predecessor-version":[{"id":68581,"href":"https:\/\/corrientesdetarde.com\/index.php\/wp-json\/wp\/v2\/posts\/68578\/revisions\/68581"}],"wp:featuredmedia":[{"embeddable":true,"href":"https:\/\/corrientesdetarde.com\/index.php\/wp-json\/wp\/v2\/media\/68580"}],"wp:attachment":[{"href":"https:\/\/corrientesdetarde.com\/index.php\/wp-json\/wp\/v2\/media?parent=68578"}],"wp:term":[{"taxonomy":"category","embeddable":true,"href":"https:\/\/corrientesdetarde.com\/index.php\/wp-json\/wp\/v2\/categories?post=68578"},{"taxonomy":"post_tag","embeddable":true,"href":"https:\/\/corrientesdetarde.com\/index.php\/wp-json\/wp\/v2\/tags?post=68578"}],"curies":[{"name":"wp","href":"https:\/\/api.w.org\/{rel}","templated":true}]}}