{"id":68713,"date":"2023-06-21T16:58:49","date_gmt":"2023-06-21T19:58:49","guid":{"rendered":"https:\/\/corrientesdetarde.com\/?p=68713"},"modified":"2023-06-21T16:58:55","modified_gmt":"2023-06-21T19:58:55","slug":"el-coprodis-realizo-entrega-de-elementos-de-ortopedia-y-kits-igualitarios-a-familias-del-interior","status":"publish","type":"post","link":"https:\/\/corrientesdetarde.com\/index.php\/sociales\/el-coprodis-realizo-entrega-de-elementos-de-ortopedia-y-kits-igualitarios-a-familias-del-interior\/","title":{"rendered":"El COPRODIS realiz\u00f3 entrega de elementos de ortopedia y Kits igualitarios a familias del interior"},"content":{"rendered":"\n<p>El Ministerio de Desarrollo Social de la provincia a trav\u00e9s del COPRODIS contin\u00faa fortaleciendo los hogares de las familias con personas con discapacidad, entregando recursos para mejorar su calidad de vida.<\/p>\n\n\n\n<p>En este marco el COPRODIS realiz\u00f3 entrega de Kits igualitarios y elementos de ortopedia en el interior de la provincia, el dia viernes 16 en Curuz\u00fa Cuati\u00e1 la&nbsp;directora del COPRODIS, Prof. Roxana Tannuri entreg\u00f3 silla de ruedas y Kits igualitarios a la Directora de Discapacidad Aixa Toffoli, tambi\u00e9n visitaron familias y se brindaron asesoramientos.<\/p>\n\n\n\n<p>Mientras que el s\u00e1bado 17 en Monte Caseros la Directora Tannuri entreg\u00f3 a la Directora de Discapacidad Dra. Laura Viera Sillas de ruedas, bastones para adultos, bastones para disminuidos visuales, pa\u00f1ales y aud\u00edfonos para personas con discapacidad que no poseen cobertura social.<\/p>\n\n\n\n<p>Y desde las oficinas de COPRODIS el viernes 16 a trav\u00e9s del \u00e1rea social se realiz\u00f3 entrega de Kits igualitarios a la Directora de Discapacidad Lic. Marcela Colaneri para familias de la localidad de Santa Ana<\/p>\n\n\n\n<figure class=\"wp-block-image size-large\"><img loading=\"lazy\" decoding=\"async\" width=\"1024\" height=\"942\" src=\"https:\/\/corrientesdetarde.com\/wp-content\/uploads\/2023\/06\/image-557-1024x942.png\" alt=\"\" class=\"wp-image-68715\" srcset=\"https:\/\/corrientesdetarde.com\/wp-content\/uploads\/2023\/06\/image-557-1024x942.png 1024w, https:\/\/corrientesdetarde.com\/wp-content\/uploads\/2023\/06\/image-557-300x276.png 300w, https:\/\/corrientesdetarde.com\/wp-content\/uploads\/2023\/06\/image-557-768x706.png 768w, https:\/\/corrientesdetarde.com\/wp-content\/uploads\/2023\/06\/image-557.png 1080w\" sizes=\"auto, (max-width: 1024px) 100vw, 1024px\" \/><\/figure>\n\n\n\n<figure class=\"wp-block-image size-large\"><img loading=\"lazy\" decoding=\"async\" width=\"768\" height=\"1024\" src=\"https:\/\/corrientesdetarde.com\/wp-content\/uploads\/2023\/06\/image-558-768x1024.png\" alt=\"\" class=\"wp-image-68716\" srcset=\"https:\/\/corrientesdetarde.com\/wp-content\/uploads\/2023\/06\/image-558-768x1024.png 768w, https:\/\/corrientesdetarde.com\/wp-content\/uploads\/2023\/06\/image-558-225x300.png 225w, https:\/\/corrientesdetarde.com\/wp-content\/uploads\/2023\/06\/image-558.png 960w\" sizes=\"auto, (max-width: 768px) 100vw, 768px\" \/><\/figure>\n\n\n\n<figure class=\"wp-block-image\"><img decoding=\"async\" src=\"blob:https:\/\/corrientesdetarde.com\/acc8321c-80fc-4ff4-9867-418919979240\" alt=\"\"\/><\/figure>\n","protected":false},"excerpt":{"rendered":"<p>El Ministerio de Desarrollo Social de la provincia a trav\u00e9s del COPRODIS contin\u00faa fortaleciendo los hogares de las familias con personas con discapacidad, entregando recursos para mejorar su calidad de&hellip; <\/p>\n","protected":false},"author":8,"featured_media":68714,"comment_status":"closed","ping_status":"open","sticky":false,"template":"","format":"standard","meta":{"footnotes":""},"categories":[17],"tags":[],"class_list":["post-68713","post","type-post","status-publish","format-standard","has-post-thumbnail","hentry","category-sociales"],"_links":{"self":[{"href":"https:\/\/corrientesdetarde.com\/index.php\/wp-json\/wp\/v2\/posts\/68713","targetHints":{"allow":["GET"]}}],"collection":[{"href":"https:\/\/corrientesdetarde.com\/index.php\/wp-json\/wp\/v2\/posts"}],"about":[{"href":"https:\/\/corrientesdetarde.com\/index.php\/wp-json\/wp\/v2\/types\/post"}],"author":[{"embeddable":true,"href":"https:\/\/corrientesdetarde.com\/index.php\/wp-json\/wp\/v2\/users\/8"}],"replies":[{"embeddable":true,"href":"https:\/\/corrientesdetarde.com\/index.php\/wp-json\/wp\/v2\/comments?post=68713"}],"version-history":[{"count":1,"href":"https:\/\/corrientesdetarde.com\/index.php\/wp-json\/wp\/v2\/posts\/68713\/revisions"}],"predecessor-version":[{"id":68718,"href":"https:\/\/corrientesdetarde.com\/index.php\/wp-json\/wp\/v2\/posts\/68713\/revisions\/68718"}],"wp:featuredmedia":[{"embeddable":true,"href":"https:\/\/corrientesdetarde.com\/index.php\/wp-json\/wp\/v2\/media\/68714"}],"wp:attachment":[{"href":"https:\/\/corrientesdetarde.com\/index.php\/wp-json\/wp\/v2\/media?parent=68713"}],"wp:term":[{"taxonomy":"category","embeddable":true,"href":"https:\/\/corrientesdetarde.com\/index.php\/wp-json\/wp\/v2\/categories?post=68713"},{"taxonomy":"post_tag","embeddable":true,"href":"https:\/\/corrientesdetarde.com\/index.php\/wp-json\/wp\/v2\/tags?post=68713"}],"curies":[{"name":"wp","href":"https:\/\/api.w.org\/{rel}","templated":true}]}}