{"id":68719,"date":"2023-06-21T17:01:22","date_gmt":"2023-06-21T20:01:22","guid":{"rendered":"https:\/\/corrientesdetarde.com\/?p=68719"},"modified":"2023-06-21T17:28:04","modified_gmt":"2023-06-21T20:28:04","slug":"luis-petri-sera-el-candidato-a-vicepresidente-de-patricia-bullrich","status":"publish","type":"post","link":"https:\/\/corrientesdetarde.com\/index.php\/politica\/luis-petri-sera-el-candidato-a-vicepresidente-de-patricia-bullrich\/","title":{"rendered":"Luis Petri ser\u00e1 el candidato a vicepresidente de Patricia Bullrich"},"content":{"rendered":"\n<p>As\u00ed quedar\u00eda conformada una de las f\u00f3rmulas para competir en la interna de Juntos por el Cambio.<\/p>\n\n\n\n<p><strong>Patricia Bullrich&nbsp;<\/strong>le ofreci\u00f3 a&nbsp;<strong>Luis Petri<\/strong>&nbsp;ser su candidato a vicepresidente. As\u00ed quedar\u00eda conformada una de las f\u00f3rmulas para competir en la interna de&nbsp;<strong>Juntos por el Cambio<\/strong>.<\/p>\n\n\n\n<p>En la previa, este mi\u00e9rcoles a la ma\u00f1ana se reuni\u00f3 la mesa chica del sector que acompa\u00f1a a Bullrich y los distintos dirigentes le hab\u00edan manifestado su opini\u00f3n respecto de las distintas opciones que contemplaban. Entre ellos, el presidente la UCR bonaerense,&nbsp;<strong>Maximiliano Abad<\/strong>, y el senador nacional formose\u00f1o,&nbsp;<strong>Luis Naidenoff.<\/strong><\/p>\n\n\n\n<p>Hasta hoy se manten\u00eda el hermetismo sobre las chances de cada uno y se hablaba de igualdad de oportunidades para cada uno de los tres. De esta manera, Bullrich-Petri se enfrentar\u00edan al binomio que se supone conformar\u00e1n&nbsp;<strong>Horacio Rodr\u00edguez Larreta<\/strong>&nbsp;y&nbsp;<strong>Gerardo Morales<\/strong>. Resta ver qu\u00e9 har\u00e1 F<strong>acundo Manes<\/strong>, que asegura ser\u00e1 candidato a presidente.<\/p>\n\n\n\n<p>En cuanto a Petri, se trata de un dirigente radical que fue diputado nacional durante dos mandatos, desde 2013 hasta 2021. En las \u00faltimas elecciones PASO de Mendoza fue precandidato a gobernador y perdi\u00f3 frente a&nbsp;<strong>Alfredo Cornejo.<\/strong><\/p>\n\n\n\n<p>Se lo considera un&nbsp;<strong>especialista en seguridad<\/strong>, por lo que encaja con el perfil fuerte de Bullrich, exministra de la Naci\u00f3n en ese \u00e1rea. Antes de su cargo en la C\u00e1mara Baja de la Naci\u00f3n, fue diputado provincial entre 2005 y 2013.<\/p>\n\n\n\n<p>Fue vicepresidente de la Juventud Radical de Mendoza entre 2003 y 2005. Luego, se desempe\u00f1\u00f3 como secretario legislativo de la C\u00e1mara de Senadores de Mendoza. Y entre 2006 y 2007, integr\u00f3 el Consejo de la Magistratura mendocina.<\/p>\n\n\n\n<p>Tiene 46 a\u00f1os, es abogado y dirigente radical. Adem\u00e1s, est\u00e1 en pareja con la periodista Cristina P\u00e9rez.<\/p>\n","protected":false},"excerpt":{"rendered":"<p>As\u00ed quedar\u00eda conformada una de las f\u00f3rmulas para competir en la interna de Juntos por el Cambio. Patricia Bullrich&nbsp;le ofreci\u00f3 a&nbsp;Luis Petri&nbsp;ser su candidato a vicepresidente. As\u00ed quedar\u00eda conformada una&hellip; <\/p>\n","protected":false},"author":8,"featured_media":68720,"comment_status":"closed","ping_status":"open","sticky":false,"template":"","format":"standard","meta":{"footnotes":""},"categories":[3],"tags":[],"class_list":["post-68719","post","type-post","status-publish","format-standard","has-post-thumbnail","hentry","category-politica"],"_links":{"self":[{"href":"https:\/\/corrientesdetarde.com\/index.php\/wp-json\/wp\/v2\/posts\/68719","targetHints":{"allow":["GET"]}}],"collection":[{"href":"https:\/\/corrientesdetarde.com\/index.php\/wp-json\/wp\/v2\/posts"}],"about":[{"href":"https:\/\/corrientesdetarde.com\/index.php\/wp-json\/wp\/v2\/types\/post"}],"author":[{"embeddable":true,"href":"https:\/\/corrientesdetarde.com\/index.php\/wp-json\/wp\/v2\/users\/8"}],"replies":[{"embeddable":true,"href":"https:\/\/corrientesdetarde.com\/index.php\/wp-json\/wp\/v2\/comments?post=68719"}],"version-history":[{"count":1,"href":"https:\/\/corrientesdetarde.com\/index.php\/wp-json\/wp\/v2\/posts\/68719\/revisions"}],"predecessor-version":[{"id":68721,"href":"https:\/\/corrientesdetarde.com\/index.php\/wp-json\/wp\/v2\/posts\/68719\/revisions\/68721"}],"wp:featuredmedia":[{"embeddable":true,"href":"https:\/\/corrientesdetarde.com\/index.php\/wp-json\/wp\/v2\/media\/68720"}],"wp:attachment":[{"href":"https:\/\/corrientesdetarde.com\/index.php\/wp-json\/wp\/v2\/media?parent=68719"}],"wp:term":[{"taxonomy":"category","embeddable":true,"href":"https:\/\/corrientesdetarde.com\/index.php\/wp-json\/wp\/v2\/categories?post=68719"},{"taxonomy":"post_tag","embeddable":true,"href":"https:\/\/corrientesdetarde.com\/index.php\/wp-json\/wp\/v2\/tags?post=68719"}],"curies":[{"name":"wp","href":"https:\/\/api.w.org\/{rel}","templated":true}]}}