{"id":68725,"date":"2023-06-21T17:10:37","date_gmt":"2023-06-21T20:10:37","guid":{"rendered":"https:\/\/corrientesdetarde.com\/?p=68725"},"modified":"2023-06-21T17:10:40","modified_gmt":"2023-06-21T20:10:40","slug":"la-cgt-repudio-la-represion-en-jujuy-y-se-declaro-en-alerta","status":"publish","type":"post","link":"https:\/\/corrientesdetarde.com\/index.php\/nacionales\/la-cgt-repudio-la-represion-en-jujuy-y-se-declaro-en-alerta\/","title":{"rendered":"La CGT repudi\u00f3 la represi\u00f3n en Jujuy y se declar\u00f3 en &#8220;alerta&#8221;"},"content":{"rendered":"\n<p>Los l\u00edderes sindicales acusaron a Gerardo Morales de defender una reforma constitucional &#8220;a los tiros&#8221;.<\/p>\n\n\n\n<p>La c\u00fapula de la&nbsp;<strong>Confederaci\u00f3n General del Trabajo (CGT)<\/strong>&nbsp;repudi\u00f3 la represi\u00f3n a las protestas sociales en Jujuy, se declar\u00f3 en estado de &#8220;alerta&#8221; y acus\u00f3 al gobernador&nbsp;<strong>Gerardo Morales<\/strong>&nbsp;de&nbsp;<strong>&#8220;no dialogar&#8221;<\/strong>&nbsp;y de&nbsp;<strong>&#8220;defender&#8221;<\/strong>&nbsp;<strong>su reforma de la Constituci\u00f3n provincial &#8220;a los tiros&#8221;.<\/strong><\/p>\n\n\n\n<p>&#8220;Esto tiene que ver con el absurdo de establecer una norma y defenderla a los tiros. Argentina tiene que vivir pac\u00edficamente. No es ni a los tiros ni con represi\u00f3n&#8221;, asegur\u00f3 el cotitular de la CGT, H\u00e9ctor Daer, durante una conferencia de prensa desarrollada esta tarde en la sede de la central sindical de la calle Azopardo.<\/p>\n\n\n\n<p>Del encuentro tambi\u00e9n participaron los secretarios generales,&nbsp;<strong>Carlos Acu\u00f1a&nbsp;<\/strong>y&nbsp;<strong>Pablo Moyano<\/strong>, y otros dirigentes gremiales.<\/p>\n\n\n\n<p>Daer afirm\u00f3 adem\u00e1s que, frente a la crisis pol\u00edtica en Jujuy, la CGT tomar\u00e1 &#8220;todas las medidas necesarias de acuerdo a como se vayan desenvolviendo las situaciones&#8221; y agreg\u00f3 que esa central sindical &#8220;est\u00e1 en situaci\u00f3n de alerta&#8221;.<\/p>\n\n\n\n<p>Sostuvo que la CGT ve con<strong>&nbsp;&#8220;mucha tristeza&#8221;<\/strong>&nbsp;la extendida represi\u00f3n policial que ya lleva varios d\u00edas ordenada por Morales sobre los manifestantes, especialmente a lo ocurrido en la jornada del lunes, que dej\u00f3&nbsp;<strong>53 detenidos y heridos graves.<\/strong><\/p>\n\n\n\n<p>&#8220;La jornada que vimos desde Buenos Aires y vivieron compa\u00f1eros de Jujuy es lamentable. Pensamos que en Argentina no exist\u00edan m\u00e1s&#8221;, situaciones como las vistas en Jujuy en las \u00faltimas horas, donde manifestantes eran llevados en camionetas no identificadas y otros fueron hasta arrestados desde sus propios domicilios.<\/p>\n\n\n\n<p>Al expresar el repudio de la central sindical, el secretario General responsabiliz\u00f3 al gobernador Morales de la situaci\u00f3n en Jujuy y asegur\u00f3 que el conflicto pol\u00edtico en ese distrito es el resultado de &#8220;un proceso donde quienes tienen la responsabilidad de la provincia no tomaron recaudos ni abrieron el di\u00e1logo ante temas sociales y pol\u00edticos como una reforma constitucional&#8221;.<\/p>\n\n\n\n<p>En esa l\u00ednea, analiz\u00f3 que el &#8220;conflicto docente, que viene desde hace tiempo, no encontraba canal de soluci\u00f3n&#8221;, y a\u00f1adi\u00f3 que &#8220;en forma unilateral el Gobierno de Jujuy decide romper la discusi\u00f3n salarial y a partir de ah\u00ed se profundizan las protestas la semana pasada y comienza la represi\u00f3n y, como en el caso de Purmamarca, reprimen a compa\u00f1eros docentes&#8221;.<\/p>\n\n\n\n<p>&#8220;No es un d\u00eda el problema, es una sucesi\u00f3n de d\u00edas, en el que el movimiento obrero y los pueblos originarios han hecho petitorios para participar de la nueva Constituci\u00f3n&#8221;, juzg\u00f3 Daer, para luego agregar que lo que ocurre en la provincia norte\u00f1a &#8220;es un proceso de falta de di\u00e1logo y de una pr\u00e1ctica sistem\u00e1tica que termin\u00f3 estos d\u00edas con lo que nadie quiso que pase&#8221;.<\/p>\n\n\n\n<p>Por su parte, Pablo Moyano, otro de los miembros del triunvirato que conduce la CGT, pidi\u00f3 al presidente Alberto Fern\u00e1ndez que como titular del Partido Justicialista a nivel nacional intervenga para &#8220;echar a patadas en el culo a los convencionales&#8221; peronistas que &#8220;llegaron por el voto&#8221; popular y aprobaron la reforma de la Constituci\u00f3n provincial impulsada por Morales.<\/p>\n\n\n\n<p><strong>&#8220;El presidente del Partido Justicialista, el Presidente de la Naci\u00f3n, ya ten\u00eda que haberlos rajado (de las filas partidarias). Por traicionar al pueblo juje\u00f1o&#8221;<\/strong>, reclam\u00f3 Moyano.<\/p>\n\n\n\n<p>El otro triunviro, Carlos Acu\u00f1a, se\u00f1al\u00f3 que &#8220;el movimiento obrero de Jujuy ha dado muestras de que los problemas se resuelven con di\u00e1logo&#8221; y remarc\u00f3: &#8220;la soluci\u00f3n no se encuentra a los tiros ni a los palos&#8221;.<\/p>\n","protected":false},"excerpt":{"rendered":"<p>Los l\u00edderes sindicales acusaron a Gerardo Morales de defender una reforma constitucional &#8220;a los tiros&#8221;. La c\u00fapula de la&nbsp;Confederaci\u00f3n General del Trabajo (CGT)&nbsp;repudi\u00f3 la represi\u00f3n a las protestas sociales en&hellip; <\/p>\n","protected":false},"author":8,"featured_media":68726,"comment_status":"closed","ping_status":"open","sticky":false,"template":"","format":"standard","meta":{"footnotes":""},"categories":[10],"tags":[],"class_list":["post-68725","post","type-post","status-publish","format-standard","has-post-thumbnail","hentry","category-nacionales"],"_links":{"self":[{"href":"https:\/\/corrientesdetarde.com\/index.php\/wp-json\/wp\/v2\/posts\/68725","targetHints":{"allow":["GET"]}}],"collection":[{"href":"https:\/\/corrientesdetarde.com\/index.php\/wp-json\/wp\/v2\/posts"}],"about":[{"href":"https:\/\/corrientesdetarde.com\/index.php\/wp-json\/wp\/v2\/types\/post"}],"author":[{"embeddable":true,"href":"https:\/\/corrientesdetarde.com\/index.php\/wp-json\/wp\/v2\/users\/8"}],"replies":[{"embeddable":true,"href":"https:\/\/corrientesdetarde.com\/index.php\/wp-json\/wp\/v2\/comments?post=68725"}],"version-history":[{"count":1,"href":"https:\/\/corrientesdetarde.com\/index.php\/wp-json\/wp\/v2\/posts\/68725\/revisions"}],"predecessor-version":[{"id":68727,"href":"https:\/\/corrientesdetarde.com\/index.php\/wp-json\/wp\/v2\/posts\/68725\/revisions\/68727"}],"wp:featuredmedia":[{"embeddable":true,"href":"https:\/\/corrientesdetarde.com\/index.php\/wp-json\/wp\/v2\/media\/68726"}],"wp:attachment":[{"href":"https:\/\/corrientesdetarde.com\/index.php\/wp-json\/wp\/v2\/media?parent=68725"}],"wp:term":[{"taxonomy":"category","embeddable":true,"href":"https:\/\/corrientesdetarde.com\/index.php\/wp-json\/wp\/v2\/categories?post=68725"},{"taxonomy":"post_tag","embeddable":true,"href":"https:\/\/corrientesdetarde.com\/index.php\/wp-json\/wp\/v2\/tags?post=68725"}],"curies":[{"name":"wp","href":"https:\/\/api.w.org\/{rel}","templated":true}]}}