{"id":68734,"date":"2023-06-21T18:26:26","date_gmt":"2023-06-21T21:26:26","guid":{"rendered":"https:\/\/corrientesdetarde.com\/?p=68734"},"modified":"2023-06-21T18:26:58","modified_gmt":"2023-06-21T21:26:58","slug":"el-presidente-insto-al-gobernador-de-jujuy-a-respetar-los-derechos-humanos","status":"publish","type":"post","link":"https:\/\/corrientesdetarde.com\/index.php\/opinion\/el-presidente-insto-al-gobernador-de-jujuy-a-respetar-los-derechos-humanos\/","title":{"rendered":"El Presidente inst\u00f3 al gobernador de Jujuy a &#8220;respetar los Derechos Humanos&#8221;"},"content":{"rendered":"\n<p><strong>Por Juan Pablo Peralta desde Casa Rosada<\/strong><\/p>\n\n\n\n<p>En medio de una agenda protocolar que Alberto Fern\u00e1ndez desarroll\u00f3 en Casa Rosada, por la tarde decidi\u00f3 hacer un anuncio para fijar la posici\u00f3n de su gobierno con respecto ala situaci\u00f3n que atraviesa la provincia de Jujuy.<\/p>\n\n\n\n<figure class=\"wp-block-embed is-type-video is-provider-youtube wp-block-embed-youtube wp-embed-aspect-4-3 wp-has-aspect-ratio\"><div class=\"wp-block-embed__wrapper\">\n<iframe loading=\"lazy\" title=\"Fern\u00e1ndez inst\u00f3 a Morales a respetar los Derechos Humanos en Jujuy\" width=\"1110\" height=\"833\" src=\"https:\/\/www.youtube.com\/embed\/YqyZxbT01og?feature=oembed\" frameborder=\"0\" allow=\"accelerometer; autoplay; clipboard-write; encrypted-media; gyroscope; picture-in-picture; web-share\" allowfullscreen><\/iframe>\n<\/div><\/figure>\n\n\n\n<p> En su declaraci\u00f3n, donde no permiti\u00f3 preguntas, el presidente de la Naci\u00f3n inst\u00f3 al gobernador Gerardo Morales a cumplir en forma definitiva con los estandares internacionales en materia de derechos humanos y le pidi\u00f3, al tambi\u00e9n precandidato presidencial de JxC, que &#8220;no utilice al pueblo juje\u00f1o como el banco de prueba de la represi\u00f3n y del saqueo que determinados sectores pol\u00edticos pretenden llevar adelante&#8221;.<\/p>\n","protected":false},"excerpt":{"rendered":"<p>Por Juan Pablo Peralta desde Casa Rosada En medio de una agenda protocolar que Alberto Fern\u00e1ndez desarroll\u00f3 en Casa Rosada, por la tarde decidi\u00f3 hacer un anuncio para fijar la&hellip; <\/p>\n","protected":false},"author":11,"featured_media":59932,"comment_status":"closed","ping_status":"open","sticky":false,"template":"","format":"standard","meta":{"footnotes":""},"categories":[35],"tags":[],"class_list":["post-68734","post","type-post","status-publish","format-standard","has-post-thumbnail","hentry","category-opinion"],"_links":{"self":[{"href":"https:\/\/corrientesdetarde.com\/index.php\/wp-json\/wp\/v2\/posts\/68734","targetHints":{"allow":["GET"]}}],"collection":[{"href":"https:\/\/corrientesdetarde.com\/index.php\/wp-json\/wp\/v2\/posts"}],"about":[{"href":"https:\/\/corrientesdetarde.com\/index.php\/wp-json\/wp\/v2\/types\/post"}],"author":[{"embeddable":true,"href":"https:\/\/corrientesdetarde.com\/index.php\/wp-json\/wp\/v2\/users\/11"}],"replies":[{"embeddable":true,"href":"https:\/\/corrientesdetarde.com\/index.php\/wp-json\/wp\/v2\/comments?post=68734"}],"version-history":[{"count":1,"href":"https:\/\/corrientesdetarde.com\/index.php\/wp-json\/wp\/v2\/posts\/68734\/revisions"}],"predecessor-version":[{"id":68735,"href":"https:\/\/corrientesdetarde.com\/index.php\/wp-json\/wp\/v2\/posts\/68734\/revisions\/68735"}],"wp:featuredmedia":[{"embeddable":true,"href":"https:\/\/corrientesdetarde.com\/index.php\/wp-json\/wp\/v2\/media\/59932"}],"wp:attachment":[{"href":"https:\/\/corrientesdetarde.com\/index.php\/wp-json\/wp\/v2\/media?parent=68734"}],"wp:term":[{"taxonomy":"category","embeddable":true,"href":"https:\/\/corrientesdetarde.com\/index.php\/wp-json\/wp\/v2\/categories?post=68734"},{"taxonomy":"post_tag","embeddable":true,"href":"https:\/\/corrientesdetarde.com\/index.php\/wp-json\/wp\/v2\/tags?post=68734"}],"curies":[{"name":"wp","href":"https:\/\/api.w.org\/{rel}","templated":true}]}}