{"id":68739,"date":"2023-06-21T19:42:01","date_gmt":"2023-06-21T22:42:01","guid":{"rendered":"https:\/\/corrientesdetarde.com\/?p=68739"},"modified":"2023-06-21T19:42:05","modified_gmt":"2023-06-21T22:42:05","slug":"intervinieron-la-fundacion-de-emerenciano-sena","status":"publish","type":"post","link":"https:\/\/corrientesdetarde.com\/index.php\/crimen-y-justicia\/intervinieron-la-fundacion-de-emerenciano-sena\/","title":{"rendered":"Intervinieron la fundaci\u00f3n de Emerenciano Sena"},"content":{"rendered":"\n<p>La medida, ratificada a trav\u00e9s de la Resoluci\u00f3n N\u00ba 798 del Ministerio de Gobierno, &#8220;tiene como objetivo realizar una auditor\u00eda para evaluar la situaci\u00f3n legal y econ\u00f3mica&#8221;, afirmaron desde el Gobierno.&nbsp;<\/p>\n\n\n\n<p>La medida fue concretada a trav\u00e9s de la Resoluci\u00f3n N\u00ba 798 del Ministerio de Gobierno y Trabajo, pero inici\u00f3 el jueves pasado como parte de las acciones para aportar transparencia e informaci\u00f3n a la ciudadan\u00eda acerca de las actividades de la instituci\u00f3n. Ser\u00e1n dos las personas encargadas de llevar adelante la intervenci\u00f3n: Mirta Morel y Hern\u00e1n Knezovich.&nbsp;<\/p>\n\n\n\n<p>&#8220;Vamos a constituir un cuerpo de auditores y contadores que van a analizar toda la situaci\u00f3n de la fundaci\u00f3n&#8221;, adelant\u00f3 el inspector de Personas Jur\u00eddicas, Eduardo Colombo, quien ofreci\u00f3 detalles acerca del procedimiento, que tambi\u00e9n ser\u00e1 informado a la Justicia. La intervenci\u00f3n se realiza seg\u00fan lo establecido en el art\u00edculo 12 inciso K de la Ley 1903-C referente al funcionamiento de Fundaciones y Asociaciones civiles.&nbsp;<\/p>\n\n\n\n<p>Ese cuerpo de auditores ser\u00e1 el encargado de evaluar la documentaci\u00f3n vinculada a la instituci\u00f3n. &#8220;Van a ir mirando las transferencias que tuvieron, los gastos, y vamos a ir avanzando en una auditor\u00eda para ver el destino de los fondos y tener una mayor transparencia&#8221;, ampli\u00f3 Colombo.&nbsp;<\/p>\n\n\n\n<p><strong>CONTINUIDAD DEL FUNCIONAMIENTO&nbsp;<\/strong><br>&nbsp;<\/p>\n\n\n\n<p>En relaci\u00f3n con el objetivo del proceso, desde el ente gubernamental explicaron que &#8220;otro de los objetivos de la intervenci\u00f3n tiene que ver con sostener los proyectos sociales, educativos, de salud, y de construcci\u00f3n de viviendas que dependen de la fundaci\u00f3n y en los que participan cientos de personas diariamente&#8221;. &nbsp;<\/p>\n\n\n\n<p>&nbsp;Paralelamente, autoridades del Ministerio de Educaci\u00f3n se reunieron con la comunidad educativa del barrio para informar los detalles del procedimiento y definir un plan de acci\u00f3n en conjunto. El ministro de Educaci\u00f3n, Aldo Lineras, inform\u00f3 que el profesor Omar Rojo, director de la regional educativa 10 A, fue designado para conducir ese proceso.<\/p>\n\n\n\n<p>&#8220;Nosotros debemos asegurar que los 307 ni\u00f1os y ni\u00f1as del jard\u00edn, los 400 estudiantes que tiene la escuela primaria, y los 200 de la escuela secundaria sigan recibiendo el servicio educativo y lo hagan en el marco de las normativas vigentes&#8221;, se\u00f1al\u00f3 el ministro, quien record\u00f3 adem\u00e1s que tanto Marcela Acu\u00f1a como Emerenciano Sena fueron suspendidos de sus cargos docentes la semana pasada.<\/p>\n\n\n\n<p>Adem\u00e1s, el ministro record\u00f3 que &#8220;no se realizan transferencias a la fundaci\u00f3n desde Educaci\u00f3n&#8221;: &#8220;Nosotros tenemos un sistema de designaciones similar al de las escuelas estatales. No hay recursos enviados por fuera de ese sistema&#8221;, inform\u00f3.<\/p>\n\n\n\n<p>Tras una serie de reuniones con la comunidad educativa del barrio, Lineras se\u00f1al\u00f3 adem\u00e1s que en los pr\u00f3ximos d\u00edas se impulsar\u00e1 un cambio de nombre a la Escuela de Gesti\u00f3n Social N\u00ba2. &#8220;No hay que asociar este crimen tremendo con el trabajo que hacen las y los docentes en las escuelas. El mismo mensaje va para padres y madres que mandan sus hijos all\u00ed, de dejarlos con la tranquilidad de que el servicio educativo se va a seguir brindando&#8221;.<\/p>\n","protected":false},"excerpt":{"rendered":"<p>La medida, ratificada a trav\u00e9s de la Resoluci\u00f3n N\u00ba 798 del Ministerio de Gobierno, &#8220;tiene como objetivo realizar una auditor\u00eda para evaluar la situaci\u00f3n legal y econ\u00f3mica&#8221;, afirmaron desde el&hellip; <\/p>\n","protected":false},"author":1,"featured_media":68743,"comment_status":"closed","ping_status":"open","sticky":false,"template":"","format":"standard","meta":{"footnotes":""},"categories":[5],"tags":[],"class_list":["post-68739","post","type-post","status-publish","format-standard","has-post-thumbnail","hentry","category-crimen-y-justicia"],"_links":{"self":[{"href":"https:\/\/corrientesdetarde.com\/index.php\/wp-json\/wp\/v2\/posts\/68739","targetHints":{"allow":["GET"]}}],"collection":[{"href":"https:\/\/corrientesdetarde.com\/index.php\/wp-json\/wp\/v2\/posts"}],"about":[{"href":"https:\/\/corrientesdetarde.com\/index.php\/wp-json\/wp\/v2\/types\/post"}],"author":[{"embeddable":true,"href":"https:\/\/corrientesdetarde.com\/index.php\/wp-json\/wp\/v2\/users\/1"}],"replies":[{"embeddable":true,"href":"https:\/\/corrientesdetarde.com\/index.php\/wp-json\/wp\/v2\/comments?post=68739"}],"version-history":[{"count":1,"href":"https:\/\/corrientesdetarde.com\/index.php\/wp-json\/wp\/v2\/posts\/68739\/revisions"}],"predecessor-version":[{"id":68744,"href":"https:\/\/corrientesdetarde.com\/index.php\/wp-json\/wp\/v2\/posts\/68739\/revisions\/68744"}],"wp:featuredmedia":[{"embeddable":true,"href":"https:\/\/corrientesdetarde.com\/index.php\/wp-json\/wp\/v2\/media\/68743"}],"wp:attachment":[{"href":"https:\/\/corrientesdetarde.com\/index.php\/wp-json\/wp\/v2\/media?parent=68739"}],"wp:term":[{"taxonomy":"category","embeddable":true,"href":"https:\/\/corrientesdetarde.com\/index.php\/wp-json\/wp\/v2\/categories?post=68739"},{"taxonomy":"post_tag","embeddable":true,"href":"https:\/\/corrientesdetarde.com\/index.php\/wp-json\/wp\/v2\/tags?post=68739"}],"curies":[{"name":"wp","href":"https:\/\/api.w.org\/{rel}","templated":true}]}}