{"id":68740,"date":"2023-06-21T19:39:49","date_gmt":"2023-06-21T22:39:49","guid":{"rendered":"https:\/\/corrientesdetarde.com\/?p=68740"},"modified":"2023-06-21T20:22:52","modified_gmt":"2023-06-21T23:22:52","slug":"habra-paro-de-transporte-que-afectara-a-corrientes","status":"publish","type":"post","link":"https:\/\/corrientesdetarde.com\/index.php\/locales\/habra-paro-de-transporte-que-afectara-a-corrientes\/","title":{"rendered":"habr\u00e1 paro de transporte que afectar\u00e1 a Corrientes"},"content":{"rendered":"\n<p>El paro en el transporte urbano de pasajeros al interior del pa\u00eds se llevar\u00e1 a cabo este jueves y viernes. La medida por 48 horas es un escal\u00f3n m\u00e1s al paro que tuvo lugar el martes pasado, pero las negociaciones quedaron estancadas.\u00a0<\/p>\n\n\n\n<p>La Uni\u00f3n Tranviarios Automotor (UTA), el sindicato que representa a los choferes de colectivos en Argentina, ha emitido un comunicado dirigido a los trabajadores del transporte de pasajeros del interior del pa\u00eds, as\u00ed como a la opini\u00f3n p\u00fablica, autoridades nacionales, provinciales y usuarios , informando sobre una medida de acci\u00f3n gremial que se llevar\u00e1 a cabo debido a la negativa de acuerdo en el aumento salarial para el personal representado en empresas de Corta y Media Distancia del interior del pa\u00eds.<\/p>\n\n\n\n<p>En el comunicado, la UTA ratifica la decisi\u00f3n de realizar un paro por 48 horas con movilizaciones, que se llevar\u00e1 a cabo durante los d\u00edas jueves 22 y viernes 23 del corriente. Durante este per\u00edodo, solamente se garantizar\u00e1 la regularidad de los servicios en aquellas jurisdicciones que reconozcan el aumento salarial en las mismas condiciones que se han acordado para el personal de conducci\u00f3n del \u00c1rea Metropolitana de Buenos Aires.<\/p>\n\n\n\n<p>Adem\u00e1s, la UTA informa que asistir\u00e1 a la audiencia convocada por el Ministerio de Trabajo de la Naci\u00f3n, que tendr\u00e1 lugar el d\u00eda jueves 22 a las 15 horas. El objetivo de esta audiencia es buscar una soluci\u00f3n salarial para los trabajadores representados que hasta ahora ha sido negada.<\/p>\n\n\n\n<p>En el comunicado, la UTA hace un llamado a los responsables del transporte, las empresas, las provincias y el Estado Nacional para que asuman la responsabilidad de las consecuencias que la negativa a acordar salarios en el interior del pa\u00eds generar\u00e1 tanto para los usuarios de los servicios como para la paz social.<\/p>\n\n\n\n<p>La UTA ha dejado claro su compromiso en la defensa de los derechos laborales de los trabajadores del transporte de pasajeros y ha decidido tomar medidas contundentes para hacer valer sus demandas salariales. El paro de 48 horas con movilizaciones anunciadas sin duda tendr\u00e1 un impacto significativo en el funcionamiento de los servicios de transporte en el interior del pa\u00eds, lo que conlleva inconvenientes para los usuarios.<\/p>\n\n\n\n<p>El sindicato conf\u00eda en que la audiencia convocada por el Ministerio de Trabajo de la Naci\u00f3n sea un espacio propicio para encontrar una soluci\u00f3n satisfactoria que responda a las demandas salariales planteadas por los trabajadores representados. La UTA espera que las autoridades y las empresas involucradas comprendan la importancia de llegar a un acuerdo que garantice la estabilidad laboral y el bienestar de los empleados del sector.<\/p>\n\n\n\n<p>La atenci\u00f3n ahora se centra en c\u00f3mo se desarrollar\u00e1n las negociaciones en la audiencia y en c\u00f3mo responder\u00e1n las autoridades y las empresas ante las demandas planteadas por la UTA. Mientras tanto, los usuarios de los servicios de transporte de pasajeros en el interior del pa\u00eds se avecinar\u00e1n para los posibles inconvenientes que surgir\u00e1n durante el paro de 48 horas y las movilizaciones anunciadas.<\/p>\n\n\n\n<div data-wp-interactive=\"core\/file\" class=\"wp-block-file\"><object data-wp-bind--hidden=\"!state.hasPdfPreview\" hidden class=\"wp-block-file__embed\" data=\"https:\/\/corrientesdetarde.com\/wp-content\/uploads\/2023\/06\/COMUNICADO-UTA-Interior.-Paro-48-hs-21.06.pdf\" type=\"application\/pdf\" style=\"width:100%;height:600px\" aria-label=\"Incrustado de Incrustado de COMUNICADO-UTA-Interior.-Paro-48-hs-21.06..\"><\/object><a id=\"wp-block-file--media-4891f55f-3fbb-478c-8aa2-7e42c62dbda3\" href=\"https:\/\/corrientesdetarde.com\/wp-content\/uploads\/2023\/06\/COMUNICADO-UTA-Interior.-Paro-48-hs-21.06.pdf\">COMUNICADO-UTA-Interior.-Paro-48-hs-21.06<\/a><a href=\"https:\/\/corrientesdetarde.com\/wp-content\/uploads\/2023\/06\/COMUNICADO-UTA-Interior.-Paro-48-hs-21.06.pdf\" class=\"wp-block-file__button\" download aria-describedby=\"wp-block-file--media-4891f55f-3fbb-478c-8aa2-7e42c62dbda3\">Descarga<\/a><\/div>\n","protected":false},"excerpt":{"rendered":"<p>El paro en el transporte urbano de pasajeros al interior del pa\u00eds se llevar\u00e1 a cabo este jueves y viernes. La medida por 48 horas es un escal\u00f3n m\u00e1s al&hellip; <\/p>\n","protected":false},"author":1,"featured_media":68741,"comment_status":"closed","ping_status":"open","sticky":false,"template":"","format":"standard","meta":{"footnotes":""},"categories":[8],"tags":[],"class_list":["post-68740","post","type-post","status-publish","format-standard","has-post-thumbnail","hentry","category-locales"],"_links":{"self":[{"href":"https:\/\/corrientesdetarde.com\/index.php\/wp-json\/wp\/v2\/posts\/68740","targetHints":{"allow":["GET"]}}],"collection":[{"href":"https:\/\/corrientesdetarde.com\/index.php\/wp-json\/wp\/v2\/posts"}],"about":[{"href":"https:\/\/corrientesdetarde.com\/index.php\/wp-json\/wp\/v2\/types\/post"}],"author":[{"embeddable":true,"href":"https:\/\/corrientesdetarde.com\/index.php\/wp-json\/wp\/v2\/users\/1"}],"replies":[{"embeddable":true,"href":"https:\/\/corrientesdetarde.com\/index.php\/wp-json\/wp\/v2\/comments?post=68740"}],"version-history":[{"count":2,"href":"https:\/\/corrientesdetarde.com\/index.php\/wp-json\/wp\/v2\/posts\/68740\/revisions"}],"predecessor-version":[{"id":68755,"href":"https:\/\/corrientesdetarde.com\/index.php\/wp-json\/wp\/v2\/posts\/68740\/revisions\/68755"}],"wp:featuredmedia":[{"embeddable":true,"href":"https:\/\/corrientesdetarde.com\/index.php\/wp-json\/wp\/v2\/media\/68741"}],"wp:attachment":[{"href":"https:\/\/corrientesdetarde.com\/index.php\/wp-json\/wp\/v2\/media?parent=68740"}],"wp:term":[{"taxonomy":"category","embeddable":true,"href":"https:\/\/corrientesdetarde.com\/index.php\/wp-json\/wp\/v2\/categories?post=68740"},{"taxonomy":"post_tag","embeddable":true,"href":"https:\/\/corrientesdetarde.com\/index.php\/wp-json\/wp\/v2\/tags?post=68740"}],"curies":[{"name":"wp","href":"https:\/\/api.w.org\/{rel}","templated":true}]}}