{"id":68902,"date":"2023-06-22T15:04:08","date_gmt":"2023-06-22T18:04:08","guid":{"rendered":"https:\/\/corrientesdetarde.com\/?p=68902"},"modified":"2023-06-22T15:04:11","modified_gmt":"2023-06-22T18:04:11","slug":"tras-quedar-fuera-de-la-formula-presidencial-sergio-massa-iria-como-primer-candidato-a-senador-por-la-pba","status":"publish","type":"post","link":"https:\/\/corrientesdetarde.com\/index.php\/politica\/tras-quedar-fuera-de-la-formula-presidencial-sergio-massa-iria-como-primer-candidato-a-senador-por-la-pba\/","title":{"rendered":"Tras quedar fuera de la f\u00f3rmula presidencial, Sergio Massa ir\u00eda como primer candidato a senador por la PBA"},"content":{"rendered":"\n<p>El ministro de Econom\u00eda hab\u00eda pedido que no hubiera internas, pero la decisi\u00f3n de Scioli de no bajarse y el demorado acuerdo con el FMI dej\u00f3 el escenario tendido para que la Vice se inclinara por listas que atienden m\u00e1s al juego de la interna peronista que a la elecci\u00f3n de octubre. Kicillof, por la reelecci\u00f3n.<\/p>\n\n\n\n<p>Sergio Massa\u00a0encabezar\u00eda la lista de senadores de la provincia de Buenos Aires bendecida por Cristina Kirchner junto a la\u00a0formula presidencial integrada por Wado de Pedro y Juan Manzur. Con la insistencia de Axel Kicillof de ir por la reelecci\u00f3n en la crucial provincia de Buenos Aires, la Vice termin\u00f3 de definir a su \u201cconstelaci\u00f3n familiar\u201d para las PASO 2023: una maniobra que parece atender m\u00e1s al juego de la interna peronista que a la elecci\u00f3n de octubre. Por varios motivos:<\/p>\n\n\n\n<ul class=\"wp-block-list\"><li><strong>Wado de Pedro<\/strong>\u00a0es el s\u00edntoma de que Cristina Kirchner eligi\u00f3 sentarse sobre el piso de sus votos: busca retener el n\u00facleo duro de su electorado. La receta de un candidato que sume por afuera la enterr\u00f3 la aventura de Alberto Fern\u00e1ndez.<\/li><li><strong>Juan Manzur<\/strong>, adem\u00e1s de que ofrec\u00eda el oro y moro para integrar la f\u00f3rmula -en tiempo de malaria pol\u00edtica no es poco-, en teor\u00eda le garantiza el acompa\u00f1amiento de los gobernadores peronistas, un coro de tibias voces que viene pidi\u00e9ndole a Scioli que baje su candidatura. Algo parecido ensayan los intendentes del conurbano bonaerense, aunque se sabe que en las urnas mandan a jugar a dos puntas. Son afectos a los coros a dos voces. Igual, hasta \u00faltimo momento intentar\u00e1n que Scioli se baje. \u201cUnidad, m\u00e1s que nunca\u201d, piden.<\/li><li><strong>Sergio Massa<\/strong>\u00a0imaginaba para el 24 de junio, en el cierre de las listas, un escenario que se fue cayendo a pedazos: la inflaci\u00f3n del 7,8% en mayo, el demorado acuerdo con el FMI y la \u201ccu\u00f1a Scioli\u201d terminaron por sacarlo de la carrera presidencial para este turno. Ahora\u00a0<strong>se dio vuelta la taba<\/strong>: el kirchnerismo se planta como garante para que el ministro pueda terminar sin demasiados sobresaltos la gesti\u00f3n en Econom\u00eda y que el tigrense pueda seguir so\u00f1ando con el Sill\u00f3n de Rivadavia hacia 2027. O sea, si se le hunde el barco o lo deja a flote para jactarse que evit\u00f3 el naufragio. En la negociaci\u00f3n, Massa se habr\u00eda garantizado algo m\u00e1s que la banca en el Senado. \u00bfLa presidencia del bloque? \u00bfSu esposa\u00a0<strong>Malena Galmarini<\/strong>\u00a0en un puesto clave en la provincia? \u00bfUn llave en mano en la Legislatura bonaerense? Eso siempre es un refugio tentador para el tigrense donde supo moverse como pez en el agua, por ejemplo, en la negociaci\u00f3n de los pliegos para juegos con el entonces ministro de Justicia de Scioli, Ricardo Casal, ahora su jefe de asesores legal en Econom\u00eda.<\/li><li><strong>Axel Kicillof\u00a0<\/strong>consigui\u00f3 refugiarse en la provincia, pese al deseo de M\u00e1ximo Kirchner que lo quer\u00eda sacando pecho por los K y peleando la Presidencia. Para CFK, la provincia de Buenos Aires, ya es m\u00e1s que la madre de todas las batallas. Se convirti\u00f3 en la trinchera donde Cristina y M\u00e1ximo se juegan si asisten al entierro de su \u00e1rbol geneal\u00f3gico pol\u00edtico. Algo as\u00ed como aferrados al precepto<em>\u00a0Los \u00e1rboles mueren de pie.\u00a0<\/em>\u00bfSer\u00e1 el alumbramiento de la K\u00e1mpora?<\/li><\/ul>\n\n\n\n<p><strong>Todo para qu\u00e9.&nbsp;<\/strong>Para medir qu\u00e9 tiene cada uno: La K\u00e1mpora, Massa, Scioli, los gobernadores, los Moyano y dirimir una interna que se empez\u00f3 a jugar el 10 de diciembre de 2019 cuando Alberto Fern\u00e1ndez lleg\u00f3 a la Rosada.<\/p>\n","protected":false},"excerpt":{"rendered":"<p>El ministro de Econom\u00eda hab\u00eda pedido que no hubiera internas, pero la decisi\u00f3n de Scioli de no bajarse y el demorado acuerdo con el FMI dej\u00f3 el escenario tendido para&hellip; <\/p>\n","protected":false},"author":8,"featured_media":68903,"comment_status":"closed","ping_status":"open","sticky":false,"template":"","format":"standard","meta":{"footnotes":""},"categories":[3],"tags":[],"class_list":["post-68902","post","type-post","status-publish","format-standard","has-post-thumbnail","hentry","category-politica"],"_links":{"self":[{"href":"https:\/\/corrientesdetarde.com\/index.php\/wp-json\/wp\/v2\/posts\/68902","targetHints":{"allow":["GET"]}}],"collection":[{"href":"https:\/\/corrientesdetarde.com\/index.php\/wp-json\/wp\/v2\/posts"}],"about":[{"href":"https:\/\/corrientesdetarde.com\/index.php\/wp-json\/wp\/v2\/types\/post"}],"author":[{"embeddable":true,"href":"https:\/\/corrientesdetarde.com\/index.php\/wp-json\/wp\/v2\/users\/8"}],"replies":[{"embeddable":true,"href":"https:\/\/corrientesdetarde.com\/index.php\/wp-json\/wp\/v2\/comments?post=68902"}],"version-history":[{"count":1,"href":"https:\/\/corrientesdetarde.com\/index.php\/wp-json\/wp\/v2\/posts\/68902\/revisions"}],"predecessor-version":[{"id":68904,"href":"https:\/\/corrientesdetarde.com\/index.php\/wp-json\/wp\/v2\/posts\/68902\/revisions\/68904"}],"wp:featuredmedia":[{"embeddable":true,"href":"https:\/\/corrientesdetarde.com\/index.php\/wp-json\/wp\/v2\/media\/68903"}],"wp:attachment":[{"href":"https:\/\/corrientesdetarde.com\/index.php\/wp-json\/wp\/v2\/media?parent=68902"}],"wp:term":[{"taxonomy":"category","embeddable":true,"href":"https:\/\/corrientesdetarde.com\/index.php\/wp-json\/wp\/v2\/categories?post=68902"},{"taxonomy":"post_tag","embeddable":true,"href":"https:\/\/corrientesdetarde.com\/index.php\/wp-json\/wp\/v2\/tags?post=68902"}],"curies":[{"name":"wp","href":"https:\/\/api.w.org\/{rel}","templated":true}]}}