{"id":68905,"date":"2023-06-22T15:50:05","date_gmt":"2023-06-22T18:50:05","guid":{"rendered":"https:\/\/corrientesdetarde.com\/?p=68905"},"modified":"2023-06-22T15:50:07","modified_gmt":"2023-06-22T18:50:07","slug":"con-la-eleccion-de-manzur-el-sciolismo-cree-que-cfk-quiere-quitarle-el-apoyo-de-los-gobernadores-del-pj","status":"publish","type":"post","link":"https:\/\/corrientesdetarde.com\/index.php\/politica\/con-la-eleccion-de-manzur-el-sciolismo-cree-que-cfk-quiere-quitarle-el-apoyo-de-los-gobernadores-del-pj\/","title":{"rendered":"Con la elecci\u00f3n de Manzur, el sciolismo cree que CFK quiere quitarle el apoyo de los gobernadores del PJ"},"content":{"rendered":"\n<p>En el entorno del embajador consideran que la estrategia de la Vicepresidenta tiene como objetivo acercarse al peronismo tradicional, asegurar la gobernabilidad, ampliar la estructura federal y evitar que los mandatarios provinciales se inclinen a favor del exmotonauta.<\/p>\n\n\n\n<p>El<strong>\u00a0oficialismo<\/strong>\u00a0arde a 48 horas del\u00a0<strong>cierre de listas<\/strong>\u00a0para las PASO. Este jueves,\u00a0Cristina Kirchner elogi\u00f3 a Juan Manzur\u00a0para acompa\u00f1ar a\u00a0<strong>Eduardo \u201cWado\u201d de Pedro<\/strong>\u00a0como vice en la\u00a0<strong>interna de Uni\u00f3n por la Patria (UxP)\u00a0<\/strong>y en el entorno de\u00a0<strong>Daniel Scioli<\/strong>\u00a0-el otro candidato del peronismo- ya hacen sus lecturas al respecto.<\/p>\n\n\n\n<p>La\u00a0f\u00f3rmula Wado-Manzur\u00a0confirma la alianza entre\u00a0<strong>La C\u00e1mpora<\/strong>, los\u00a0<strong>gobernadores<\/strong>\u00a0y el\u00a0<strong>Frente Renovador<\/strong>. Por eso, la primera interpretaci\u00f3n que arrojan cerca del embajador en Brasil es que se trata de un intento de quitarle el apoyo clave de la\u00a0<strong>Liga de Gobernadores<\/strong>\u00a0del PJ.<\/p>\n\n\n\n<p>Seg\u00fan analizan en el sciolismo, la elecci\u00f3n del dirigente tucumano es la manera que encontr\u00f3 la Vicepresidenta de acercarse al\u00a0<strong>peronismo tradicional<\/strong>, asegurar la\u00a0<strong>gobernabilidad<\/strong>, ampliar la\u00a0<strong>estructura federal<\/strong>\u00a0y evitar que los mandatarios provinciales (en especial los del norte) se incline a favor del ex motonauta.<\/p>\n\n\n\n<p>El embajador en Brasil, sin embargo, todav\u00eda est\u00e1 en carrera. Pese a la\u00a0presi\u00f3n del Kirchnerismo, Scioli asegura (en p\u00fablico y en privado) que su postulaci\u00f3n a la presidencia\u00a0<strong>sigue firme.<\/strong><\/p>\n\n\n\n<h2 class=\"wp-block-heading\">Daniel Scioli lanza oficialmente su candidatura<\/h2>\n\n\n\n<figure class=\"wp-block-image\"><img decoding=\"async\" src=\"https:\/\/tn.com.ar\/resizer\/PyOSJ9wRTEBvjVqh0F6WuUNf10U=\/767x0\/smart\/filters:format(webp)\/cloudfront-us-east-1.images.arcpublishing.com\/artear\/VJZI5K7PLFHKBBN3IWHC4MTINE.jfif\" alt=\"Daniel Scioli y Victoria Tolosa Paz, los candidatos del albertismo para Naci\u00f3n y Provincia. (Foto: Twitter\/Vtolosapaz)\"\/><\/figure>\n\n\n\n<p>La lista&nbsp;<strong>Unidos Triunfaremos<\/strong>&nbsp;-que forma parte de la coalici\u00f3n Uni\u00f3n por la Patria (UxP)- presenta este jueves a sus precandidatos, en un evento que ser\u00e1 encabezado por el embajador en Brasil,&nbsp;<strong>Daniel Scioli<\/strong>, y la ministra de Desarrollo Social,&nbsp;<strong>Victoria Tolosa Paz<\/strong>. El acto se llevar\u00e1 a cabo en el Teatro ND, en Paraguay 918, en el centro porte\u00f1o, desde las 18, seg\u00fan se inform\u00f3 en un comunicado.<\/p>\n\n\n\n<p><strong>Scioli ya hab\u00eda confirmado su precandidatura a presidente<\/strong>, mientras que la ministra Tolosa Paz -de acuerdo a los rumores que circulan desde hace semanas- competir\u00e1 en las PASO para ser gobernadora de Buenos Aires.<\/p>\n\n\n\n<p>El mi\u00e9rcoles, los partidos mayoritarios de UxP, con el kirchnerismo y el Frente Renovador a la cabeza, le&nbsp;<strong>facilitaron los avales al sciolismo<\/strong>&nbsp;para que pueda competir en las primarias del oficialismo el 13 de agosto y volvieron a cuestionar que esa l\u00ednea interna haya&nbsp;<strong>\u201cjudicializado\u201d<\/strong>&nbsp;la discusi\u00f3n por el reglamento electoral de la coalici\u00f3n.<\/p>\n\n\n\n<p>Para los sciolistas, el n\u00famero para intercalar los candidatos para la minor\u00eda \u201cno fue lo acordado\u201d con M\u00e1ximo Kirchner en el caso de diputados provinciales y concejales. En ese contexto, plantearon que la reglamentaci\u00f3n \u201cprev\u00e9 un&nbsp;<strong>mecanismo de asignaci\u00f3n de posiciones<\/strong>&nbsp;en las listas de precandidatos a diputados y senadores provinciales y concejales titulares y suplentes que<strong>&nbsp;vulnera el derecho de representaci\u00f3n de las minor\u00edas<\/strong>\u201d, consagrado en la Constituci\u00f3n Nacional.<\/p>\n","protected":false},"excerpt":{"rendered":"<p>En el entorno del embajador consideran que la estrategia de la Vicepresidenta tiene como objetivo acercarse al peronismo tradicional, asegurar la gobernabilidad, ampliar la estructura federal y evitar que los&hellip; <\/p>\n","protected":false},"author":8,"featured_media":68906,"comment_status":"closed","ping_status":"open","sticky":false,"template":"","format":"standard","meta":{"footnotes":""},"categories":[3],"tags":[],"class_list":["post-68905","post","type-post","status-publish","format-standard","has-post-thumbnail","hentry","category-politica"],"_links":{"self":[{"href":"https:\/\/corrientesdetarde.com\/index.php\/wp-json\/wp\/v2\/posts\/68905","targetHints":{"allow":["GET"]}}],"collection":[{"href":"https:\/\/corrientesdetarde.com\/index.php\/wp-json\/wp\/v2\/posts"}],"about":[{"href":"https:\/\/corrientesdetarde.com\/index.php\/wp-json\/wp\/v2\/types\/post"}],"author":[{"embeddable":true,"href":"https:\/\/corrientesdetarde.com\/index.php\/wp-json\/wp\/v2\/users\/8"}],"replies":[{"embeddable":true,"href":"https:\/\/corrientesdetarde.com\/index.php\/wp-json\/wp\/v2\/comments?post=68905"}],"version-history":[{"count":1,"href":"https:\/\/corrientesdetarde.com\/index.php\/wp-json\/wp\/v2\/posts\/68905\/revisions"}],"predecessor-version":[{"id":68907,"href":"https:\/\/corrientesdetarde.com\/index.php\/wp-json\/wp\/v2\/posts\/68905\/revisions\/68907"}],"wp:featuredmedia":[{"embeddable":true,"href":"https:\/\/corrientesdetarde.com\/index.php\/wp-json\/wp\/v2\/media\/68906"}],"wp:attachment":[{"href":"https:\/\/corrientesdetarde.com\/index.php\/wp-json\/wp\/v2\/media?parent=68905"}],"wp:term":[{"taxonomy":"category","embeddable":true,"href":"https:\/\/corrientesdetarde.com\/index.php\/wp-json\/wp\/v2\/categories?post=68905"},{"taxonomy":"post_tag","embeddable":true,"href":"https:\/\/corrientesdetarde.com\/index.php\/wp-json\/wp\/v2\/tags?post=68905"}],"curies":[{"name":"wp","href":"https:\/\/api.w.org\/{rel}","templated":true}]}}