{"id":68917,"date":"2023-06-22T15:56:01","date_gmt":"2023-06-22T18:56:01","guid":{"rendered":"https:\/\/corrientesdetarde.com\/?p=68917"},"modified":"2023-06-22T15:56:06","modified_gmt":"2023-06-22T18:56:06","slug":"jair-bolsonaro-enfrenta-un-juicio-por-abuso-de-poder-que-puede-inhabilitarlo-politicamente-durante-ocho-anos","status":"publish","type":"post","link":"https:\/\/corrientesdetarde.com\/index.php\/internacionales\/jair-bolsonaro-enfrenta-un-juicio-por-abuso-de-poder-que-puede-inhabilitarlo-politicamente-durante-ocho-anos\/","title":{"rendered":"Jair Bolsonaro enfrenta un juicio por abuso de poder que puede inhabilitarlo pol\u00edticamente durante ocho a\u00f1os"},"content":{"rendered":"\n<p>Dijo que el proceso es \u201cmalintencionado\u201d. Las audiencias seguir\u00e1n el martes pr\u00f3ximo.<\/p>\n\n\n\n<p>En un proceso \u201cpor<strong>\u00a0abuso de poder<\/strong>\u201d que lo puede inhabilitar pol\u00edticamente durante ocho a\u00f1os, el expresidente\u00a0Jair Bolsonaro\u00a0enfrent\u00f3 este jueves el inicio de un juicio en la corte electoral que amenaza con sacudir el panorama pol\u00edtico de\u00a0Brasil.<\/p>\n\n\n\n<p>El Tribunal Superior Electoral (TSE) lo juzga por ataques contra el sistema de votaci\u00f3n electr\u00f3nica durante una reuni\u00f3n con embajadores en julio de 2022, tres meses antes de ser derrotado en las elecciones de octubre por Luiz In\u00e1cio Lula da Silva.<\/p>\n\n\n\n<p>Despu\u00e9s de tres horas de sesi\u00f3n, la corte, integrada por siete jueces que deben emitir cada uno su voto, suspendi\u00f3 el juicio hasta el pr\u00f3ximo martes.<\/p>\n\n\n\n<h2 class=\"wp-block-heading\">En el inicio de un hist\u00f3rico juicio en su contra, Jair Bolsonaro dijo que el proceso es \u201cmalintencionado\u201d<\/h2>\n\n\n\n<p>Bolsonaro defiende su inocencia en el caso. En coincidencia con el inicio del juicio, viaj\u00f3 a Porto Alegre, en el sur del pa\u00eds, donde fue recibido en el aeropuerto por decenas de seguidores.<\/p>\n\n\n\n<p>En esa ciudad, mantendr\u00e1 una reuni\u00f3n con su Partido Liberal (PL).<\/p>\n\n\n\n<figure class=\"wp-block-image\"><img decoding=\"async\" src=\"https:\/\/tn.com.ar\/resizer\/5yKZ8xxuDt2OBjSWCOEa1jjeE8s=\/767x0\/smart\/filters:format(webp)\/cloudfront-us-east-1.images.arcpublishing.com\/artear\/PHX34C3IB6CSLMID2BZ5RA6T4Q.jpg\" alt=\"Jair Bolsonaro saluda a seguidores en Poerto Alegre (Foto: Reuters)\n\n\"\/><\/figure>\n\n\n\n<p>El expresidente, citado por<em>&nbsp;EFE<\/em>, tild\u00f3 de \u201cpolitiquero\u201d y \u201cmalintencionado\u201d el juicio. \u201dHoy, como ustedes saben, comienza mi juicio pol\u00edtico, o mejor politiquero, y malintencionado por parte de algunos. No estoy atacando al Tribunal, pero la fundamentaci\u00f3n es una cosa inveros\u00edmil: reunirse con embajadores\u201d, afirm\u00f3 en un acto con transportistas en Porto Alegre.<\/p>\n\n\n\n<h2 class=\"wp-block-heading\">La versi\u00f3n de Jair Bolsonaro sobre la reuni\u00f3n con embajadores<\/h2>\n\n\n\n<p>En su discurso ante los diplom\u00e1ticos en la residencia presidencial de la Alvorada, Bolsonaro asegur\u00f3 sin pruebas que buscaba \u201ccorregir fallas\u201d del sistema de urnas electr\u00f3nicas vigente con la \u201cparticipaci\u00f3n de las Fuerzas Armadas\u201d.<\/p>\n\n\n\n<p>El excapit\u00e1n dijo que la supuesta vulnerabilidad del sistema pod\u00eda servir para manipular el resultado electoral en su contra.<\/p>\n\n\n\n<p>Ese argumento atiz\u00f3 posteriormente a una parte de sus seguidores radicalizados, que el 8 de enero pasado, una semana despu\u00e9s de la toma de posesi\u00f3n de Lula, invadieron las sedes de los tres poderes en Brasilia.<\/p>\n\n\n\n<h2 class=\"wp-block-heading\">Qu\u00e9 pidi\u00f3 la fiscal\u00eda en el juicio contra Jair Bolsonaro por abuso de poder<\/h2>\n\n\n\n<p>La fiscal\u00eda pidi\u00f3 que el exmandatario sea declarado \u201cinelegible\u201d debido a \u201cabuso de poder pol\u00edtico y uso indebido de los medios de comunicaci\u00f3n\u201d.<\/p>\n\n\n\n<p>El discurso, seg\u00fan la fiscal\u00eda, \u201cintent\u00f3 dar la impresi\u00f3n equivocada de que el proceso electoral es oscuro\u201d y fue propicio a \u201cmanipulaciones\u201d, con el \u201cobjetivo de desacreditar el resultado\u201d electoral, destac\u00f3 el juez&nbsp;<strong>Benedito Goncalves<\/strong>.<\/p>\n\n\n\n<figure class=\"wp-block-image\"><img decoding=\"async\" src=\"https:\/\/tn.com.ar\/resizer\/_a8GK95LcF1pr-kYewotXaqVBr0=\/767x0\/smart\/filters:format(webp)\/cloudfront-us-east-1.images.arcpublishing.com\/artear\/KUK2E4I7ELCYGHUC47CO6ZHYW4.jpg\" alt=\"Los ministros de la corte Benedito Goncalves y Carmen Lucia hablan durante el juicio celebrado en Brasilia (Foto: Reuters\/Ueslei Marcelino)\"\/><\/figure>\n\n\n\n<p>Por su parte, el abogado de Bolsonaro,&nbsp;<strong>Tarcisio Vieira<\/strong>, compar\u00f3 el caso al del c\u00e9lebre capit\u00e1n Dreyfus, injustamente condenado en Francia a finales del siglo XIX.<\/p>\n\n\n\n<p>\u201dSe volvi\u00f3 uno de los mayores errores judiciales de la historia\u201d, dijo el abogado, pidiendo que no se repita lo mismo con Bolsonaro.<\/p>\n\n\n\n<p>El juicio seguir\u00e1 el pr\u00f3ximo martes. Si no se completan los votos ese d\u00eda, est\u00e1 prevista otra sesi\u00f3n plenaria, el 29 de junio, report\u00f3<em>&nbsp;AFP<\/em>. Vieira anticip\u00f3 que la defensa recurrir\u00e1 la sentencia ante el Supremo Tribunal Federal en caso de condena.<\/p>\n\n\n\n<p>La del Tribunal Superior Electoral ser\u00e1 la primera de una serie de decisiones que podr\u00edan recaer sobre el exmandatario, quien enfrenta m\u00e1s de una decena de procesos administrativos en el tribunal electoral.<\/p>\n\n\n\n<p>Adem\u00e1s, es objeto de cinco investigaciones en el Supremo Tribunal Federal, con penas susceptibles de prisi\u00f3n, incluyendo una por su presunto papel como autor intelectual de la asonada del 8 de enero.<\/p>\n","protected":false},"excerpt":{"rendered":"<p>Dijo que el proceso es \u201cmalintencionado\u201d. Las audiencias seguir\u00e1n el martes pr\u00f3ximo. En un proceso \u201cpor\u00a0abuso de poder\u201d que lo puede inhabilitar pol\u00edticamente durante ocho a\u00f1os, el expresidente\u00a0Jair Bolsonaro\u00a0enfrent\u00f3 este&hellip; <\/p>\n","protected":false},"author":8,"featured_media":68918,"comment_status":"closed","ping_status":"open","sticky":false,"template":"","format":"standard","meta":{"footnotes":""},"categories":[11],"tags":[],"class_list":["post-68917","post","type-post","status-publish","format-standard","has-post-thumbnail","hentry","category-internacionales"],"_links":{"self":[{"href":"https:\/\/corrientesdetarde.com\/index.php\/wp-json\/wp\/v2\/posts\/68917","targetHints":{"allow":["GET"]}}],"collection":[{"href":"https:\/\/corrientesdetarde.com\/index.php\/wp-json\/wp\/v2\/posts"}],"about":[{"href":"https:\/\/corrientesdetarde.com\/index.php\/wp-json\/wp\/v2\/types\/post"}],"author":[{"embeddable":true,"href":"https:\/\/corrientesdetarde.com\/index.php\/wp-json\/wp\/v2\/users\/8"}],"replies":[{"embeddable":true,"href":"https:\/\/corrientesdetarde.com\/index.php\/wp-json\/wp\/v2\/comments?post=68917"}],"version-history":[{"count":1,"href":"https:\/\/corrientesdetarde.com\/index.php\/wp-json\/wp\/v2\/posts\/68917\/revisions"}],"predecessor-version":[{"id":68919,"href":"https:\/\/corrientesdetarde.com\/index.php\/wp-json\/wp\/v2\/posts\/68917\/revisions\/68919"}],"wp:featuredmedia":[{"embeddable":true,"href":"https:\/\/corrientesdetarde.com\/index.php\/wp-json\/wp\/v2\/media\/68918"}],"wp:attachment":[{"href":"https:\/\/corrientesdetarde.com\/index.php\/wp-json\/wp\/v2\/media?parent=68917"}],"wp:term":[{"taxonomy":"category","embeddable":true,"href":"https:\/\/corrientesdetarde.com\/index.php\/wp-json\/wp\/v2\/categories?post=68917"},{"taxonomy":"post_tag","embeddable":true,"href":"https:\/\/corrientesdetarde.com\/index.php\/wp-json\/wp\/v2\/tags?post=68917"}],"curies":[{"name":"wp","href":"https:\/\/api.w.org\/{rel}","templated":true}]}}