{"id":68920,"date":"2023-06-22T16:00:54","date_gmt":"2023-06-22T19:00:54","guid":{"rendered":"https:\/\/corrientesdetarde.com\/?p=68920"},"modified":"2023-06-22T16:00:56","modified_gmt":"2023-06-22T19:00:56","slug":"la-afa-define-en-asamblea-si-elimina-uno-de-los-descensos-de-la-liga-profesional","status":"publish","type":"post","link":"https:\/\/corrientesdetarde.com\/index.php\/deportes\/la-afa-define-en-asamblea-si-elimina-uno-de-los-descensos-de-la-liga-profesional\/","title":{"rendered":"La AFA define en asamblea si elimina uno de los descensos de la Liga Profesional"},"content":{"rendered":"\n<p>Este jueves se realizar\u00e1 una\u00a0<strong>Asamblea Extraordinaria de AFA<\/strong>\u00a0en el predio de Ezeiza para evaluar una modificaci\u00f3n en la cantidad de descenso de primera divisi\u00f3n en esta temporada. Actualmente son tres y el objetivo es suprimir uno.<\/p>\n\n\n\n<p>Hasta hoy est\u00e1n previstos tres descensos, dos por promedios y el restante por Tabla Anual, que ser\u00eda el que se eliminar\u00eda, seg\u00fan anticip\u00f3 el secretario general de AFA y presidente de Racing Club, V\u00edctor Blanco.<\/p>\n\n\n\n<hr class=\"wp-block-separator has-alpha-channel-opacity\"\/>\n\n\n\n<h2 class=\"wp-block-heading\" id=\"la-opinin-de-vctor-blanco-no-es-serio\">La opini\u00f3n de V\u00edctor Blanco: &#8220;No es serio&#8221;<\/h2>\n\n\n\n<p>El presidente de Racing anticip\u00f3 que el descenso que se eliminar\u00eda ser\u00eda el de la tabla general. Es decir, se mantendr\u00edan los dos que son por promedios.<\/p>\n\n\n\n<p>\u201cNo es serio cambiar el reglamento a mitad de temporada, pero vamos a acompa\u00f1ar lo que decida la mayor\u00eda, dijo en una entrevista con Radio La Red.&nbsp;<\/p>\n\n\n\n<hr class=\"wp-block-separator has-alpha-channel-opacity\"\/>\n\n\n\n<h2 class=\"wp-block-heading\" id=\"qu-se-va-a-discutir-en-la-asamblea\">\u00bfQu\u00e9 se va a discutir en la Asamblea?<\/h2>\n\n\n\n<p>En el punto 5 del orden del d\u00eda que le lleg\u00f3 a los clubes se menciona espec\u00edficamente que se van a tratar los \u201cart\u00edculos 90 y 91\u2033 del actual reglamento que regulan los ascensos y descensos a la Liga Profesional.<\/p>\n\n\n\n<hr class=\"wp-block-separator has-alpha-channel-opacity\"\/>\n\n\n\n<h2 class=\"wp-block-heading\" id=\"qu-equipos-se-iran-al-descenso-hoy\">\u00bfQu\u00e9 equipos se ir\u00edan al descenso hoy?<\/h2>\n\n\n\n<p>En la actualidad, Arsenal e Instituto de C\u00f3rdoba se ir\u00edan al descenso por ocupar los \u00faltimos dos lugares en la tabla de los promedios. Por la tabla anual, en tanto, perder\u00eda la categor\u00eda Banfield.&nbsp;&nbsp;<\/p>\n\n\n\n<hr class=\"wp-block-separator has-alpha-channel-opacity\"\/>\n\n\n\n<h2 class=\"wp-block-heading\" id=\"cmo-son-los-descensos-en-la-temporada-2023-del-ftbol-argentino\">C\u00f3mo son los descensos en la temporada 2023 del f\u00fatbol argentino<\/h2>\n\n\n\n<p>De acuerdo al reglamento aprobado por la AFA, en el art\u00edculo 90 se estableci\u00f3 que habr\u00e1 tres descensos: los \u00faltimos dos equipos de la tabla del promedio y el \u00faltimo equipo de la tabla anual de posiciones. En caso de repetirse uno de los equipos, descender\u00e1 el siguiente con menos puntos en la tabla anual de puntos de los dos torneos de la temporada 2023.<\/p>\n\n\n\n<p>Adem\u00e1s, para la temporada 2024 se hab\u00eda establecido el mismo sistema de descensos desde la Liga Profesional a la Primera Nacional, y a partir de la temporada 2025 se eliminar\u00e1n los descensos por promedio y bajar\u00e1n de categor\u00eda los \u00faltimos tres equipos de las posiciones de la tabla anual. Seg\u00fan el estatuto, se mantendr\u00eda hasta la temporada 2028.<\/p>\n","protected":false},"excerpt":{"rendered":"<p>Este jueves se realizar\u00e1 una\u00a0Asamblea Extraordinaria de AFA\u00a0en el predio de Ezeiza para evaluar una modificaci\u00f3n en la cantidad de descenso de primera divisi\u00f3n en esta temporada. Actualmente son tres&hellip; <\/p>\n","protected":false},"author":8,"featured_media":68922,"comment_status":"closed","ping_status":"open","sticky":false,"template":"","format":"standard","meta":{"footnotes":""},"categories":[4],"tags":[],"class_list":["post-68920","post","type-post","status-publish","format-standard","has-post-thumbnail","hentry","category-deportes"],"_links":{"self":[{"href":"https:\/\/corrientesdetarde.com\/index.php\/wp-json\/wp\/v2\/posts\/68920","targetHints":{"allow":["GET"]}}],"collection":[{"href":"https:\/\/corrientesdetarde.com\/index.php\/wp-json\/wp\/v2\/posts"}],"about":[{"href":"https:\/\/corrientesdetarde.com\/index.php\/wp-json\/wp\/v2\/types\/post"}],"author":[{"embeddable":true,"href":"https:\/\/corrientesdetarde.com\/index.php\/wp-json\/wp\/v2\/users\/8"}],"replies":[{"embeddable":true,"href":"https:\/\/corrientesdetarde.com\/index.php\/wp-json\/wp\/v2\/comments?post=68920"}],"version-history":[{"count":1,"href":"https:\/\/corrientesdetarde.com\/index.php\/wp-json\/wp\/v2\/posts\/68920\/revisions"}],"predecessor-version":[{"id":68923,"href":"https:\/\/corrientesdetarde.com\/index.php\/wp-json\/wp\/v2\/posts\/68920\/revisions\/68923"}],"wp:featuredmedia":[{"embeddable":true,"href":"https:\/\/corrientesdetarde.com\/index.php\/wp-json\/wp\/v2\/media\/68922"}],"wp:attachment":[{"href":"https:\/\/corrientesdetarde.com\/index.php\/wp-json\/wp\/v2\/media?parent=68920"}],"wp:term":[{"taxonomy":"category","embeddable":true,"href":"https:\/\/corrientesdetarde.com\/index.php\/wp-json\/wp\/v2\/categories?post=68920"},{"taxonomy":"post_tag","embeddable":true,"href":"https:\/\/corrientesdetarde.com\/index.php\/wp-json\/wp\/v2\/tags?post=68920"}],"curies":[{"name":"wp","href":"https:\/\/api.w.org\/{rel}","templated":true}]}}