{"id":69035,"date":"2023-06-23T09:07:08","date_gmt":"2023-06-23T12:07:08","guid":{"rendered":"https:\/\/corrientesdetarde.com\/?p=69035"},"modified":"2023-06-23T09:07:11","modified_gmt":"2023-06-23T12:07:11","slug":"explosion-en-una-papeleria-en-colombia-reportaron-varios-heridos-en-medellin","status":"publish","type":"post","link":"https:\/\/corrientesdetarde.com\/index.php\/internacionales\/explosion-en-una-papeleria-en-colombia-reportaron-varios-heridos-en-medellin\/","title":{"rendered":"Explosi\u00f3n en una papeler\u00eda en Colombia: reportaron varios heridos en Medell\u00edn"},"content":{"rendered":"\n<p>La zona afectada es conocida como Bolivariana. Autom\u00f3viles y comercios del lugar sufrieron da\u00f1os por el estallido.<\/p>\n\n\n\n<p><strong>Una fuerte explosi\u00f3n\u00a0en una papeler\u00eda de Medell\u00edn, Colombia, dej\u00f3 varios heridos,<\/strong>\u00a0adem\u00e1s de afectar autom\u00f3viles y comercios de la zona. La emergencia habr\u00eda sido originada por\u00a0<strong>un tubo de helio.<\/strong><\/p>\n\n\n\n<p>Existen diferencias en los medios locales respecto de la cantidad de personas que sufrieron alg\u00fan tipo de lesi\u00f3n por este hecho. Mientras que&nbsp;<em>El Tiempo<\/em>&nbsp;marca a cinco;&nbsp;<em>El Colombiano,&nbsp;<\/em>a 14, de los cuales&nbsp;<strong>tres son de gravedad.<\/strong><\/p>\n\n\n\n<p><strong>Un edificio, m\u00e1s de 20 casas y tres veh\u00edculos<\/strong>&nbsp;tambi\u00e9n se vieron afectados por la feroz explosi\u00f3n.<\/p>\n\n\n\n<p>Por otro lado, otros portales se encargaron de explicar que el tubo de helio\u00a0<strong>se usaba para inflar globos<\/strong>. La principal hip\u00f3tesis de la causa de la explosi\u00f3n es que\u00a0<strong>se acumularon gases en el lugar.<\/strong><\/p>\n\n\n\n<figure class=\"wp-block-embed is-type-rich is-provider-twitter wp-block-embed-twitter\"><div class=\"wp-block-embed__wrapper\">\n<blockquote class=\"twitter-tweet\" data-width=\"550\" data-dnt=\"true\"><p lang=\"es\" dir=\"ltr\">\ud83c\udde8\ud83c\uddf4 | URGENTE: Se reporta una explosi\u00f3n por una pipeta de gas de helio en Medell\u00edn, Colombia. Se reportan heridos aunque no se da a conocer el n\u00famero exacto a\u00fan.<br> <a href=\"https:\/\/t.co\/eDdm5vCNma\">pic.twitter.com\/eDdm5vCNma<\/a><\/p>&mdash; Alerta News 24 (@AlertaNews24) <a href=\"https:\/\/twitter.com\/AlertaNews24\/status\/1672009603641405440?ref_src=twsrc%5Etfw\">June 22, 2023<\/a><\/blockquote><script async src=\"https:\/\/platform.twitter.com\/widgets.js\" charset=\"utf-8\"><\/script>\n<\/div><\/figure>\n\n\n\n<p>A ra\u00edz de lo sucedido, el Cuerpo Oficial de Bomberos de Medell\u00edn cerr\u00f3 los servicios b\u00e1sicos de agua, energ\u00eda y gas en la zona, conocida como Bolivariana.&nbsp;<\/p>\n\n\n\n<p>En las redes sociales se compartieron videos con los heridos y globos verdes y blancos, que ser\u00edan por Nacional de Medell\u00edn, que disput\u00f3 el mi\u00e9rcoles la final de ida del f\u00fatbol colombiano contra Millonarios, partido que termin\u00f3 0 a 0.<\/p>\n\n\n\n<p>En Twitter figuraron im\u00e1genes realmente terribles, como la de un hombre con su rostro cubierto de sangre. \u201c<strong>Acaba de explotar algo. No se sabe qu\u00e9 fue\u201d<\/strong>, se escucha decir a alguien al mismo tiempo.<\/p>\n","protected":false},"excerpt":{"rendered":"<p>La zona afectada es conocida como Bolivariana. Autom\u00f3viles y comercios del lugar sufrieron da\u00f1os por el estallido. Una fuerte explosi\u00f3n\u00a0en una papeler\u00eda de Medell\u00edn, Colombia, dej\u00f3 varios heridos,\u00a0adem\u00e1s de afectar&hellip; <\/p>\n","protected":false},"author":4,"featured_media":69036,"comment_status":"closed","ping_status":"open","sticky":false,"template":"","format":"standard","meta":{"footnotes":""},"categories":[11],"tags":[],"class_list":["post-69035","post","type-post","status-publish","format-standard","has-post-thumbnail","hentry","category-internacionales"],"_links":{"self":[{"href":"https:\/\/corrientesdetarde.com\/index.php\/wp-json\/wp\/v2\/posts\/69035","targetHints":{"allow":["GET"]}}],"collection":[{"href":"https:\/\/corrientesdetarde.com\/index.php\/wp-json\/wp\/v2\/posts"}],"about":[{"href":"https:\/\/corrientesdetarde.com\/index.php\/wp-json\/wp\/v2\/types\/post"}],"author":[{"embeddable":true,"href":"https:\/\/corrientesdetarde.com\/index.php\/wp-json\/wp\/v2\/users\/4"}],"replies":[{"embeddable":true,"href":"https:\/\/corrientesdetarde.com\/index.php\/wp-json\/wp\/v2\/comments?post=69035"}],"version-history":[{"count":1,"href":"https:\/\/corrientesdetarde.com\/index.php\/wp-json\/wp\/v2\/posts\/69035\/revisions"}],"predecessor-version":[{"id":69038,"href":"https:\/\/corrientesdetarde.com\/index.php\/wp-json\/wp\/v2\/posts\/69035\/revisions\/69038"}],"wp:featuredmedia":[{"embeddable":true,"href":"https:\/\/corrientesdetarde.com\/index.php\/wp-json\/wp\/v2\/media\/69036"}],"wp:attachment":[{"href":"https:\/\/corrientesdetarde.com\/index.php\/wp-json\/wp\/v2\/media?parent=69035"}],"wp:term":[{"taxonomy":"category","embeddable":true,"href":"https:\/\/corrientesdetarde.com\/index.php\/wp-json\/wp\/v2\/categories?post=69035"},{"taxonomy":"post_tag","embeddable":true,"href":"https:\/\/corrientesdetarde.com\/index.php\/wp-json\/wp\/v2\/tags?post=69035"}],"curies":[{"name":"wp","href":"https:\/\/api.w.org\/{rel}","templated":true}]}}