{"id":69042,"date":"2023-06-23T09:35:43","date_gmt":"2023-06-23T12:35:43","guid":{"rendered":"https:\/\/corrientesdetarde.com\/?p=69042"},"modified":"2023-06-23T09:35:45","modified_gmt":"2023-06-23T12:35:45","slug":"la-uta-acordo-un-aumento-salarial-y-este-viernes-habra-colectivos-en-el-interior","status":"publish","type":"post","link":"https:\/\/corrientesdetarde.com\/index.php\/economia\/la-uta-acordo-un-aumento-salarial-y-este-viernes-habra-colectivos-en-el-interior\/","title":{"rendered":"La UTA acord\u00f3 un aumento salarial y este viernes habr\u00e1 colectivos en el interior"},"content":{"rendered":"\n<p>El nuevo b\u00e1sico inicial de los colectiveros ser\u00e1 de $346.000.<\/p>\n\n\n\n<p>La\u00a0<strong>Uni\u00f3n Tranviarios Automotor\u00a0(UTA<\/strong>) anunci\u00f3 un\u00a0<strong>acuerdo salarial con las c\u00e1maras empresariales y\u00a0el levantamiento del paro<\/strong>\u00a0de ma\u00f1ana en las l\u00edneas de transporte de corta y media distancia del interior del pa\u00eds.<\/p>\n\n\n\n<p>El gremio hab\u00eda iniciado este jueves un paro de dos d\u00edas que,&nbsp;superado el conflicto, qued\u00f3 sin efecto desde el primer minuto del&nbsp;viernes.<\/p>\n\n\n\n<p>El sindicato liderado por&nbsp;<strong>Roberto Fern\u00e1ndez<\/strong>&nbsp;inform\u00f3 que se&nbsp;acord\u00f3 con la Federaci\u00f3n Argentina de Transportadores por&nbsp;Automotor de Pasajeros (FATAP) un aumento salarial para los&nbsp;<strong>trabajadores del transporte de pasajeros de corta y media&nbsp;distancia del interior del pa\u00eds,<\/strong>&nbsp;&#8220;conforme las mismas condiciones&nbsp;que las resueltas para compa\u00f1eras y compa\u00f1eros del \u00c1rea&nbsp;Metropolitana de Buenos Aires&#8221;.<\/p>\n\n\n\n<p>&#8220;En atenci\u00f3n a ello, informamos la suspensi\u00f3n de las medidas de&nbsp;acci\u00f3n gremial dispuestas a partir de las 00 horas del d\u00eda de&nbsp;ma\u00f1ana viernes 23 de junio&#8221;, agreg\u00f3 el comunicado de la UTA.<\/p>\n\n\n\n<p>Seg\u00fan el \u00faltimo acuerdo salarial entre la UTA y las c\u00e1maras&nbsp;empresarias los choferes de colectivos de las empresas que prestan&nbsp;servicios en el \u00c1rea Metropolitana de Buenos Aires (AMBA) tendr\u00e1n&nbsp;en julio 2023&nbsp;<strong>un nuevo b\u00e1sico salarial que alcanza los $ 346.000.<\/strong><\/p>\n\n\n\n<p>El gremio hab\u00eda informado tras el acuerdo que esa actualizaci\u00f3n&nbsp;salarial &#8220;ser\u00e1 liquidada con fondos otorgados por los ministerios&nbsp;de Transporte y Trabajo, Empleo y Seguridad Social tras fracasar&nbsp;las m\u00faltiples instancias de negociaci\u00f3n con las empresas.<\/p>\n\n\n\n<p>El acuerdo salarial del \u00e1rea metropolitana, que ahora regir\u00e1&nbsp;tambi\u00e9n para las provincias, estableci\u00f3 que los trabajadores&nbsp;cobrar\u00e1n un sueldo b\u00e1sico en abril de $ 262.000 y, por \u00fanica vez,&nbsp;una suma fija no remunerativa de $ 32.000. Por mayo recibir\u00e1n $284.000, en junio $ 320.000, julio $ 346.000, agosto $ 374.000 y&nbsp;septiembre $ 404.000.<\/p>\n\n\n\n<p>Tambi\u00e9n se acord\u00f3 un aumento de los &#8220;vi\u00e1ticos diarios&#8221; a $&nbsp;1.626 para abril y mayo, $ 1832 en junio, y $ 2048 en septiembre.<\/p>\n\n\n\n<p>Parte del aumento ser\u00e1 subsidiado por los gobiernos&nbsp;provinciales y en algunos distritos ya hubo acuerdos para pagarlo.<\/p>\n","protected":false},"excerpt":{"rendered":"<p>El nuevo b\u00e1sico inicial de los colectiveros ser\u00e1 de $346.000. La\u00a0Uni\u00f3n Tranviarios Automotor\u00a0(UTA) anunci\u00f3 un\u00a0acuerdo salarial con las c\u00e1maras empresariales y\u00a0el levantamiento del paro\u00a0de ma\u00f1ana en las l\u00edneas de transporte&hellip; <\/p>\n","protected":false},"author":4,"featured_media":69043,"comment_status":"closed","ping_status":"open","sticky":false,"template":"","format":"standard","meta":{"footnotes":""},"categories":[20],"tags":[],"class_list":["post-69042","post","type-post","status-publish","format-standard","has-post-thumbnail","hentry","category-economia"],"_links":{"self":[{"href":"https:\/\/corrientesdetarde.com\/index.php\/wp-json\/wp\/v2\/posts\/69042","targetHints":{"allow":["GET"]}}],"collection":[{"href":"https:\/\/corrientesdetarde.com\/index.php\/wp-json\/wp\/v2\/posts"}],"about":[{"href":"https:\/\/corrientesdetarde.com\/index.php\/wp-json\/wp\/v2\/types\/post"}],"author":[{"embeddable":true,"href":"https:\/\/corrientesdetarde.com\/index.php\/wp-json\/wp\/v2\/users\/4"}],"replies":[{"embeddable":true,"href":"https:\/\/corrientesdetarde.com\/index.php\/wp-json\/wp\/v2\/comments?post=69042"}],"version-history":[{"count":1,"href":"https:\/\/corrientesdetarde.com\/index.php\/wp-json\/wp\/v2\/posts\/69042\/revisions"}],"predecessor-version":[{"id":69044,"href":"https:\/\/corrientesdetarde.com\/index.php\/wp-json\/wp\/v2\/posts\/69042\/revisions\/69044"}],"wp:featuredmedia":[{"embeddable":true,"href":"https:\/\/corrientesdetarde.com\/index.php\/wp-json\/wp\/v2\/media\/69043"}],"wp:attachment":[{"href":"https:\/\/corrientesdetarde.com\/index.php\/wp-json\/wp\/v2\/media?parent=69042"}],"wp:term":[{"taxonomy":"category","embeddable":true,"href":"https:\/\/corrientesdetarde.com\/index.php\/wp-json\/wp\/v2\/categories?post=69042"},{"taxonomy":"post_tag","embeddable":true,"href":"https:\/\/corrientesdetarde.com\/index.php\/wp-json\/wp\/v2\/tags?post=69042"}],"curies":[{"name":"wp","href":"https:\/\/api.w.org\/{rel}","templated":true}]}}