{"id":69144,"date":"2023-06-23T14:47:16","date_gmt":"2023-06-23T17:47:16","guid":{"rendered":"https:\/\/corrientesdetarde.com\/?p=69144"},"modified":"2023-06-23T14:50:33","modified_gmt":"2023-06-23T17:50:33","slug":"la-policia-de-corrientes-en-colaboracion-con-la-policia-del-chaco-lograron-la-localizacion-de-una-joven-que-se-encontraba-desparecida-en-la-provincia-vecina","status":"publish","type":"post","link":"https:\/\/corrientesdetarde.com\/index.php\/policiales\/la-policia-de-corrientes-en-colaboracion-con-la-policia-del-chaco-lograron-la-localizacion-de-una-joven-que-se-encontraba-desparecida-en-la-provincia-vecina\/","title":{"rendered":"La Polic\u00eda de Corrientes, en colaboraci\u00f3n con la Polic\u00eda del Chaco, lograron la localizaci\u00f3n de una joven, que se encontraba desparecida en la Provincia vecina"},"content":{"rendered":"\n<p>Una joven de 24 a\u00f1os de edad, fue localizada en la ciudad de Mercedes, gracias al valiosa<br>colaboraci\u00f3n prestada por Polic\u00edas de la Comisaria de Distrito 1ra. de esa ciudad, al Personal de la Polic\u00eda<br>del Chaco, que la estaba buscando, debido a que esta persona se encontraba desaparecida y cuyo<br>familiares desconoc\u00edan su paradero.<br>El procedimiento, lo llevaron a cabo en horas de la noche de ayer 22-06-23, luego de que los Polic\u00edas<br>de la Comisar\u00eda 5ta. Metropolitana de Resistencia-Chaco, habr\u00edan solicitado la colaboraci\u00f3n para la<br>localizaci\u00f3n e individualizaci\u00f3n de una joven de 24 a\u00f1os de edad, que estaba desaparecida y que,<br>posiblemente se encontrar\u00eda en inmediaciones de la zona de la terminal de \u00f3mnibus de esa ciudad de<br>Mercedes.<\/p>\n\n\n\n<p>Por tal motivo, inmediatamente los Polic\u00edas procedieron a brindar la colaboraci\u00f3n solicitada,<br>dirigi\u00e9ndose al lugar, donde tras una minuciosa b\u00fasqueda, lograron dar con el paradero de esta persona<br>buscada.<br>La joven, fue trasladada a la mencionada Comisaria de Distrito, donde luego de las diligencias de<br>rigor del caso, se dio intervenci\u00f3n al Personal de la Divisi\u00f3n de B\u00fasqueda de Personas desaparecidas y<br>extraviadas de la Polic\u00eda del Chaco, quienes procedieron a trasladar a la joven a la ciudad de Resistencia,<br>para la prosecuci\u00f3n de los tr\u00e1mites al respecto.<\/p>\n","protected":false},"excerpt":{"rendered":"<p>Una joven de 24 a\u00f1os de edad, fue localizada en la ciudad de Mercedes, gracias al valiosacolaboraci\u00f3n prestada por Polic\u00edas de la Comisaria de Distrito 1ra. de esa ciudad, al&hellip; <\/p>\n","protected":false},"author":8,"featured_media":69145,"comment_status":"closed","ping_status":"open","sticky":false,"template":"","format":"standard","meta":{"footnotes":""},"categories":[33],"tags":[],"class_list":["post-69144","post","type-post","status-publish","format-standard","has-post-thumbnail","hentry","category-policiales"],"_links":{"self":[{"href":"https:\/\/corrientesdetarde.com\/index.php\/wp-json\/wp\/v2\/posts\/69144","targetHints":{"allow":["GET"]}}],"collection":[{"href":"https:\/\/corrientesdetarde.com\/index.php\/wp-json\/wp\/v2\/posts"}],"about":[{"href":"https:\/\/corrientesdetarde.com\/index.php\/wp-json\/wp\/v2\/types\/post"}],"author":[{"embeddable":true,"href":"https:\/\/corrientesdetarde.com\/index.php\/wp-json\/wp\/v2\/users\/8"}],"replies":[{"embeddable":true,"href":"https:\/\/corrientesdetarde.com\/index.php\/wp-json\/wp\/v2\/comments?post=69144"}],"version-history":[{"count":1,"href":"https:\/\/corrientesdetarde.com\/index.php\/wp-json\/wp\/v2\/posts\/69144\/revisions"}],"predecessor-version":[{"id":69146,"href":"https:\/\/corrientesdetarde.com\/index.php\/wp-json\/wp\/v2\/posts\/69144\/revisions\/69146"}],"wp:featuredmedia":[{"embeddable":true,"href":"https:\/\/corrientesdetarde.com\/index.php\/wp-json\/wp\/v2\/media\/69145"}],"wp:attachment":[{"href":"https:\/\/corrientesdetarde.com\/index.php\/wp-json\/wp\/v2\/media?parent=69144"}],"wp:term":[{"taxonomy":"category","embeddable":true,"href":"https:\/\/corrientesdetarde.com\/index.php\/wp-json\/wp\/v2\/categories?post=69144"},{"taxonomy":"post_tag","embeddable":true,"href":"https:\/\/corrientesdetarde.com\/index.php\/wp-json\/wp\/v2\/tags?post=69144"}],"curies":[{"name":"wp","href":"https:\/\/api.w.org\/{rel}","templated":true}]}}