{"id":69316,"date":"2023-06-24T11:12:59","date_gmt":"2023-06-24T14:12:59","guid":{"rendered":"https:\/\/corrientesdetarde.com\/?p=69316"},"modified":"2023-06-24T11:13:02","modified_gmt":"2023-06-24T14:13:02","slug":"funcionamiento-de-servicios-por-el-asueto-de-este-sabado","status":"publish","type":"post","link":"https:\/\/corrientesdetarde.com\/index.php\/informacion-general\/funcionamiento-de-servicios-por-el-asueto-de-este-sabado\/","title":{"rendered":"Funcionamiento de servicios por el asueto de este s\u00e1bado"},"content":{"rendered":"\n<p>Por las celebraciones de San Juan Bautista, patrono de Corrientes, para hoy algunas dependencias estar\u00e1n cerradas y otras atender\u00e1n normalmente. La recolecci\u00f3n de residuos se realizar\u00e1 de manera habitual en las zonas diurnas. No abrir\u00e1 el Centro Emisor de Licencias, y atender\u00e1n con guardias en los cementerios y las \u00e1reas operativas.&nbsp;<\/p>\n\n\n\n<p>Seg\u00fan informaron desde el municipio, la recolecci\u00f3n de residuos ser\u00e1 normal el s\u00e1bado en las zonas que se prestan habitualmente este d\u00eda en horario diurno. El servicio que se brinda a trav\u00e9s de los Puntos Verdes funcionar\u00e1 normalmente, mientras que habr\u00e1 guardia de barrido, espacios p\u00fablicos, calidad ambiental, y estar\u00e1n disponibles los operativos especiales con personal de fines de semanas y feriados.<\/p>\n\n\n\n<p>Estar\u00e1n abiertos los mercados, paseos de compras y ferias de la ciudad. Habr\u00e1 guardias en los cementerios y las \u00e1reas operativas, por lo que la direcci\u00f3n General de Defunciones, ubicada en 25 de Mayo 1132, tambi\u00e9n atender\u00e1 con una guardia que funcionar\u00e1, de 7 a 19, para tr\u00e1mites inherentes a inhumaciones, introducci\u00f3n de cenizas y traslados de car\u00e1cter urgente. En tanto que los cementerios San Juan Bautista y San Isidro estar\u00e1n abiertos en el mismo horario para visitas e inhumaciones.<\/p>\n\n\n\n<p>El Centro de Control Bromatol\u00f3gico funcionar\u00e1 de 5 a 14 y el Tribunal de Faltas Municipal funcionar\u00e1 con una guardia que atender\u00e1 de 8 a 16, solo para tr\u00e1mites abreviados relacionados con secuestros comunes.<\/p>\n","protected":false},"excerpt":{"rendered":"<p>Por las celebraciones de San Juan Bautista, patrono de Corrientes, para hoy algunas dependencias estar\u00e1n cerradas y otras atender\u00e1n normalmente. La recolecci\u00f3n de residuos se realizar\u00e1 de manera habitual en&hellip; <\/p>\n","protected":false},"author":3,"featured_media":69317,"comment_status":"closed","ping_status":"open","sticky":false,"template":"","format":"standard","meta":{"footnotes":""},"categories":[1],"tags":[],"class_list":["post-69316","post","type-post","status-publish","format-standard","has-post-thumbnail","hentry","category-informacion-general"],"_links":{"self":[{"href":"https:\/\/corrientesdetarde.com\/index.php\/wp-json\/wp\/v2\/posts\/69316","targetHints":{"allow":["GET"]}}],"collection":[{"href":"https:\/\/corrientesdetarde.com\/index.php\/wp-json\/wp\/v2\/posts"}],"about":[{"href":"https:\/\/corrientesdetarde.com\/index.php\/wp-json\/wp\/v2\/types\/post"}],"author":[{"embeddable":true,"href":"https:\/\/corrientesdetarde.com\/index.php\/wp-json\/wp\/v2\/users\/3"}],"replies":[{"embeddable":true,"href":"https:\/\/corrientesdetarde.com\/index.php\/wp-json\/wp\/v2\/comments?post=69316"}],"version-history":[{"count":1,"href":"https:\/\/corrientesdetarde.com\/index.php\/wp-json\/wp\/v2\/posts\/69316\/revisions"}],"predecessor-version":[{"id":69318,"href":"https:\/\/corrientesdetarde.com\/index.php\/wp-json\/wp\/v2\/posts\/69316\/revisions\/69318"}],"wp:featuredmedia":[{"embeddable":true,"href":"https:\/\/corrientesdetarde.com\/index.php\/wp-json\/wp\/v2\/media\/69317"}],"wp:attachment":[{"href":"https:\/\/corrientesdetarde.com\/index.php\/wp-json\/wp\/v2\/media?parent=69316"}],"wp:term":[{"taxonomy":"category","embeddable":true,"href":"https:\/\/corrientesdetarde.com\/index.php\/wp-json\/wp\/v2\/categories?post=69316"},{"taxonomy":"post_tag","embeddable":true,"href":"https:\/\/corrientesdetarde.com\/index.php\/wp-json\/wp\/v2\/tags?post=69316"}],"curies":[{"name":"wp","href":"https:\/\/api.w.org\/{rel}","templated":true}]}}