{"id":69327,"date":"2023-06-24T11:56:18","date_gmt":"2023-06-24T14:56:18","guid":{"rendered":"https:\/\/corrientesdetarde.com\/?p=69327"},"modified":"2023-06-24T11:56:24","modified_gmt":"2023-06-24T14:56:24","slug":"cordoba-y-formosa-elegiran-manana-a-sus-futuros-gobernadores-y-otros-cargos-electivos","status":"publish","type":"post","link":"https:\/\/corrientesdetarde.com\/index.php\/nacionales\/cordoba-y-formosa-elegiran-manana-a-sus-futuros-gobernadores-y-otros-cargos-electivos\/","title":{"rendered":"C\u00d3RDOBA Y FORMOSA ELEGIR\u00c1N MA\u00d1ANA A SUS FUTUROS GOBERNADORES Y OTROS CARGOS ELECTIVOS"},"content":{"rendered":"\n<p>(Corresponsal\u00eda en Buenos Aires) &#8211; C\u00f3rdoba y Formosa continuar\u00e1n ma\u00f1ana con el calendario de elecciones provinciales que se desdoblaron del cronograma nacional, en las que Mart\u00edn Llaryora disputar\u00e1 contra Luis Juez la sucesi\u00f3n del peronista Juan Schiaretti en la provincia mediterr\u00e1nea, mientras que Gildo Insfr\u00e1n buscar\u00e1 un nuevo mandato para el Partido Justicialista en la provincia norte\u00f1a contra el radical Fernando Carbajal.<\/p>\n\n\n\n<p>En C\u00f3rdoba competir\u00e1n once listas para elegir gobernador y vice, 70 legisladores locales y tres miembros para el Tribunal de Cuentas, proceso en que se utilizar\u00e1 la Boleta \u00danica de Sufragio (BUS), vigente desde el 2011 y que contiene toda la oferta electoral.<\/p>\n\n\n\n<p>De acuerdo con los datos suministrados por la Justicia Electoral, hay en total 2.984.631 habitantes habilitados para sufragar en las localidades de los 26 departamentos de la provincia, que incluye a quienes votan por primera vez, j\u00f3venes de 16 a\u00f1os.<\/p>\n\n\n\n<p>La coalici\u00f3n Hacemos Unidos por C\u00f3rdoba (HUxC), que se referencia en Juan Schiaretti, lleva para gobernador al intendente peronista capitalino, Mart\u00edn Llaryora, y para vice a Myriam Prunotto, intendenta radical en uso de licencia de la poblaci\u00f3n de Ju\u00e1rez Celman.<\/p>\n\n\n\n<p>Llaryora fue concejal de su ciudad natal San Francisco (departamento San Justo), dos veces intendente de esa localidad, diputado nacional, funcionario de la gesti\u00f3n del ya fallecido gobernador de Jos\u00e9 Manuel de la Sota, luego vicegobernador de Schiaretti en la gesti\u00f3n anterior (2015-2019) y hoy intendente de la ciudad de C\u00f3rdoba, tras suceder al radical Ram\u00f3n Mestre.<\/p>\n\n\n\n<p>Schiaretti, quien transita su tercer mandato como gobernador y el segundo consecutivo que le impide legalmente presentarse para un nuevo per\u00edodo, competir\u00e1 como precandidato presidencial en las primarias abiertas, simult\u00e1neas y obligatorias (PASO) del 13 de agosto con la alianza Hacemos Unidos por Nuestro Pa\u00eds.<\/p>\n\n\n\n<p>HUxC cerr\u00f3 su campa\u00f1a ayer en el predio de la Plaza de la M\u00fasica, en el sector de costanera de la ciudad de C\u00f3rdoba.<\/p>\n\n\n\n<p>La alianza Juntos por el Cambio (JxC) promueve la f\u00f3rmula del senador nacional Luis Juez (59) y para vice al diputado nacional, presidente del radicalismo provincial e intendente en uso de licencia de la localidad de General Cabrera, Marcos Carasso (63).<\/p>\n\n\n\n<p>Juez, de origen peronista aunque en los \u00faltimos a\u00f1os dio un giro para acercarse al macrismo, es el l\u00edder del Frente C\u00edvico y este es su tercer intento para acceder a la gobernaci\u00f3n. Las anteriores fueron en 2007 (fue derrotado por Schiaretti) y en 2011, cuando intent\u00f3 nuevamente y tuvo otro resultado adverso frente a De la Sota.<\/p>\n\n\n\n<p>El espacio Creo en C\u00f3rdoba de Todos, que representa al kirchnerismo local, lleva la f\u00f3rmula de gobierno de Carlos Federico Alesandri (intendente de la localidad de Embalse) y Gabriela Est\u00e9vez (diputada nacional).<\/p>\n\n\n\n<p>Las restantes listas corresponden a Encuentro Vecinal C\u00f3rdoba, que va con el binomio compuesto por Aurelio Garc\u00eda Elorrio (presidente de ese sector) y Mar\u00eda Rosa Marcone (legisladora provincial); y el Frente de Izquierda y de Trabajadores-Unidad, que consensu\u00f3 la f\u00f3rmula Liliana Olivero-Soledad D\u00edaz.<\/p>\n\n\n\n<p>Frente Liberal Dem\u00f3crata Desarrollista lleva en su boleta a la dupla Guido Eiben-Gabriel Bornoroni; Libertad Avanza decidi\u00f3 f\u00f3rmula con Agust\u00edn Spaccesi-Mar\u00eda Cristina Lagger; el Movimiento al Socialismo impulsa al binomio Julia Di Santi-Miguel D\u00edaz.<\/p>\n\n\n\n<p>El Partido Humanista propone a Fernando Sch\u00fcle-Griselda Osorio; el Partido Popular nomina a Patricia Sarmiento-Roberto Zarantonello; en tanto Uni\u00f3n Popular Federal compite con la dupla Mario Peral-Romina Arias.<\/p>\n\n\n\n<p>Adem\u00e1s, ma\u00f1ana, en simult\u00e1neo con la provincial, tambi\u00e9n hay elecciones para renovar autoridades en 227 municipios y comunas del total de 427 que conforman la geograf\u00eda provincial, entre las que se encuentran Estaci\u00f3n Ju\u00e1rez Celman, Mendiolaza, R\u00edo Ceballos, Cruz del Eje, Villa Carlos Paz, R\u00edo Primero, Oncativo, R\u00edo segundo, Mina Clavero, Cura Brochero, Arroyito, Miramar y San Francisco.<\/p>\n\n\n\n<p>Por otra parte, en la provincia de Formosa, casi 500 mil habitantes estar\u00e1n ma\u00f1ana en condiciones de votar las categor\u00edas de gobernador y vice y a quienes ocupar\u00e1n cargos ejecutivos en 27 intendencias, presidencias en 10 comisiones de fomento, adem\u00e1s de diputados provinciales y concejales.<\/p>\n\n\n\n<p>La elecci\u00f3n formose\u00f1a pondr\u00e1 en disputa a un total de 2543 candidatos de 7 lemas o fuerzas pol\u00edticas y 90 sublemas: el Partido Justicialista (con 64 sublemas); la Confederaci\u00f3n Frente Amplio Formose\u00f1o (con 17); el Partido Unidad Formose\u00f1a (con 3); el Partido Libertad, Trabajo y Progreso (con 3) y el Partido La Nueva Independencia (con 3).<\/p>\n\n\n\n<p>En tanto, el Partido Obrero y el Partido Municipal Uni\u00f3n Popular Fontanense compiten s\u00f3lo como lema.<\/p>\n\n\n\n<p>En total, habr\u00e1 479.879 electores habilitados para sufragar y cuatro lemas compiten para el Ejecutivo provincial: el Partido Justicialista, la Confederaci\u00f3n Frente Amplio Formose\u00f1o, el partido Libertad, Trabajo y Progreso y el Partido Obrero.<\/p>\n\n\n\n<p>El gobernador, acompa\u00f1ado por su vice Ebers Sol\u00eds, buscar\u00e1 renovar su mandato al frente de la provincia mientras que la Confederaci\u00f3n Frente Amplio Formose\u00f1o, principal fuerza opositora a Insfr\u00e1n, propone como candidato a gobernador al diputado nacional radical y exjuez federal Fernando Carbajal y, como vice, a Mar\u00eda Fernanda Insfr\u00e1n, joven abogada del interior formose\u00f1o.<\/p>\n\n\n\n<p>El partido Libertad Trabajo y Progreso postula para el Ejecutivo provincial al empresario agropecuario Francisco Paoltroni y a Noem\u00ed Arga\u00f1araz y el Partido Obrero lleva a su principal referente provincial, Fabi\u00e1n Servin, junto a Rafael Mart\u00ednez.<\/p>\n\n\n\n<p>En la pulseada por cargos en la Legislatura provincial, el oficialismo renueva 12 bancas y la opositora Confederaci\u00f3n Frente Amplio Formose\u00f1o (UCR-MID), tres. En esta disputa tambi\u00e9n oficializ\u00f3 una lista de candidatos el Partido Libertad, Trabajo y Progreso.<\/p>\n\n\n\n<p>En otro orden, el intendente de Formosa, Jorge Jofr\u00e9, con el sublema Valores Ciudadanos, buscar\u00e1 retener el Palacio Comunal.<\/p>\n\n\n\n<p>Asimismo, hay postulaciones para 22 intendentes y 8 presidentes de Comisiones de Fomento y del concejal Ariel Marcelo Brignole, hijo del actual jefe comunal de El Colorado.<\/p>\n\n\n\n<p>La candidata a intendenta de Formosa de Juntos por el Cambio (JxC), Gabriela Neme, hab\u00eda cuestionado la presentaci\u00f3n de Insfr\u00e1n para un nuevo per\u00edodo como gobernador, al igual que el dirigente Paoltroni con respecto a las aspiraciones de Carbajal (de Confederaci\u00f3n Frente Amplio Formose\u00f1o).<\/p>\n\n\n\n<p>Ambos planteos fueron rechazados por el Tribunal Electoral Permanente (TEP), como as\u00ed tambi\u00e9n el que hizo la apoderada del Frente Amplio Formose\u00f1o Agostina Villaggi contra los intendentes y presidentes de Comisiones de Fomento que van por sus respectivas reelecciones.<\/p>\n\n\n\n<figure class=\"wp-block-image size-full\"><img loading=\"lazy\" decoding=\"async\" width=\"300\" height=\"300\" src=\"https:\/\/corrientesdetarde.com\/wp-content\/uploads\/2023\/06\/formosa-elecc.jpg\" alt=\"\" class=\"wp-image-69329\" srcset=\"https:\/\/corrientesdetarde.com\/wp-content\/uploads\/2023\/06\/formosa-elecc.jpg 300w, https:\/\/corrientesdetarde.com\/wp-content\/uploads\/2023\/06\/formosa-elecc-150x150.jpg 150w\" sizes=\"auto, (max-width: 300px) 100vw, 300px\" \/><\/figure>\n\n\n\n<p>A la vez, Carbajal present\u00f3 ante la Corte Suprema de Justicia de la Naci\u00f3n un recurso para que se suspendieran las elecciones en la provincia por considerar inconstitucional un nuevo intento de reelecci\u00f3n de Insfr\u00e1n. Sin embargo, ese alto tribunal no se pronunci\u00f3 al respecto.<\/p>\n","protected":false},"excerpt":{"rendered":"<p>(Corresponsal\u00eda en Buenos Aires) &#8211; C\u00f3rdoba y Formosa continuar\u00e1n ma\u00f1ana con el calendario de elecciones provinciales que se desdoblaron del cronograma nacional, en las que Mart\u00edn Llaryora disputar\u00e1 contra Luis&hellip; <\/p>\n","protected":false},"author":11,"featured_media":69328,"comment_status":"closed","ping_status":"open","sticky":false,"template":"","format":"standard","meta":{"footnotes":""},"categories":[10],"tags":[309,378,707],"class_list":["post-69327","post","type-post","status-publish","format-standard","has-post-thumbnail","hentry","category-nacionales","tag-cordoba","tag-elecciones","tag-formsa"],"_links":{"self":[{"href":"https:\/\/corrientesdetarde.com\/index.php\/wp-json\/wp\/v2\/posts\/69327","targetHints":{"allow":["GET"]}}],"collection":[{"href":"https:\/\/corrientesdetarde.com\/index.php\/wp-json\/wp\/v2\/posts"}],"about":[{"href":"https:\/\/corrientesdetarde.com\/index.php\/wp-json\/wp\/v2\/types\/post"}],"author":[{"embeddable":true,"href":"https:\/\/corrientesdetarde.com\/index.php\/wp-json\/wp\/v2\/users\/11"}],"replies":[{"embeddable":true,"href":"https:\/\/corrientesdetarde.com\/index.php\/wp-json\/wp\/v2\/comments?post=69327"}],"version-history":[{"count":1,"href":"https:\/\/corrientesdetarde.com\/index.php\/wp-json\/wp\/v2\/posts\/69327\/revisions"}],"predecessor-version":[{"id":69330,"href":"https:\/\/corrientesdetarde.com\/index.php\/wp-json\/wp\/v2\/posts\/69327\/revisions\/69330"}],"wp:featuredmedia":[{"embeddable":true,"href":"https:\/\/corrientesdetarde.com\/index.php\/wp-json\/wp\/v2\/media\/69328"}],"wp:attachment":[{"href":"https:\/\/corrientesdetarde.com\/index.php\/wp-json\/wp\/v2\/media?parent=69327"}],"wp:term":[{"taxonomy":"category","embeddable":true,"href":"https:\/\/corrientesdetarde.com\/index.php\/wp-json\/wp\/v2\/categories?post=69327"},{"taxonomy":"post_tag","embeddable":true,"href":"https:\/\/corrientesdetarde.com\/index.php\/wp-json\/wp\/v2\/tags?post=69327"}],"curies":[{"name":"wp","href":"https:\/\/api.w.org\/{rel}","templated":true}]}}