{"id":69377,"date":"2023-06-24T16:14:36","date_gmt":"2023-06-24T19:14:36","guid":{"rendered":"https:\/\/corrientesdetarde.com\/?p=69377"},"modified":"2023-06-24T16:26:26","modified_gmt":"2023-06-24T19:26:26","slug":"caso-cecilia-dieron-positivo-los-peritajes-de-gendarmeria-en-la-casa-del-clan-sena","status":"publish","type":"post","link":"https:\/\/corrientesdetarde.com\/index.php\/locales\/caso-cecilia-dieron-positivo-los-peritajes-de-gendarmeria-en-la-casa-del-clan-sena\/","title":{"rendered":"Caso Cecilia: dieron positivo los peritajes de Gendarmer\u00eda en la casa del clan Sena"},"content":{"rendered":"\n<p>En medio de la b\u00fasqueda del cuerpo de Cecilia Strzyzowski, un equipo de la Direcci\u00f3n de Criminal\u00edstica y Estudios Forenses, junto a agentes la Unidad de criminal\u00edstica de la Agrupaci\u00f3n de Chaco de Gendarmer\u00eda Nacional (GNA), inspeccionaron hoy la casa de Emerenciano Sena y Marcela Acu\u00f1a en la ciudad de Resistencia. Fuentes del caso confiaron a Infobae que el resultado del peritaje fue positivo: se hallaron rastros de sangre y una mochila quemada que ser\u00e1n analizados.<\/p>\n\n\n\n<p>El procedimiento se llev\u00f3 a cabo en la casa del matrimonio Sena, ubicada en Santa Mar\u00eda de Oro al 1465. En primer lugar, los peritajes se concentraron en la habitaci\u00f3n donde Acu\u00f1a dijo haber visto un &#8220;bulto&#8221; parecido a un cuerpo, al que describi\u00f3 de color &#8220;marr\u00f3n o gris&#8221;, del tama\u00f1o de una &#8220;bolsa de boxeo&#8221; y que estaba &#8220;cerrado&#8221;. En esa pieza, las pruebas de luminol descubrieron manchas de sangre, que ser\u00e1n sometidas a estudios para determinar si son humanas.<\/p>\n\n\n\n<p>Pero eso no fue todo, ya que, adem\u00e1s, en el patio de la vivienda se encontr\u00f3 una mochila quemada.<\/p>\n\n\n\n<p>Cabe recordar que Cecilia fue registrada por \u00faltima vez ingresando a la casa de los Sena: una c\u00e1mara de seguridad la capt\u00f3 antes de que entrara a la vivienda durante la ma\u00f1ana del viernes 2 de junio, unos minutos despu\u00e9s de las 9. Sin embargo, no hay evidencias f\u00edlmicas de que haya salido.<\/p>\n\n\n\n<figure class=\"wp-block-image\"><img decoding=\"async\" src=\"https:\/\/www.diarioepoca.com\/content\/bucket\/8\/1304198w762h616c.jpg.webp\" alt=\"\"\/><\/figure>\n\n\n\n<p>Frente a los fiscales, Acu\u00f1a dio su versi\u00f3n acerca de lo que ocurri\u00f3 ese viernes 2 de junio en su domicilio. Dijo que aquella ma\u00f1ana hab\u00eda ido, junto a su marido, al barrio Emerenciano a realizar algunas actividades y que en el lugar apareci\u00f3, entre las 10.30 y las 10.45 (N.d.R.: poco m\u00e1s de una hora despu\u00e9s de la entrada de Cecilia a la casa), el hijo de ambos, C\u00e9sar. &#8220;Lo vi colorado, con un rasgu\u00f1o en el cuello, y una lastimadura debajo de la barbilla. Le pregunt\u00e9 qu\u00e9 ocurri\u00f3 y me dijo me se hab\u00eda peleado con Cecilia. Como hab\u00eda gente en el lugar no quise preguntar m\u00e1s&#8221;, repas\u00f3.<\/p>\n\n\n\n<p>Seg\u00fan su relato, C\u00e9sar regres\u00f3 a la casa unos minutos despu\u00e9s y el matrimonio hizo lo propio un rato m\u00e1s tarde, cerca del mediod\u00eda. Ya en la vivienda de Santa Mar\u00eda de Oro, a Acu\u00f1a le llam\u00f3 la atenci\u00f3n que la puerta de la habitaci\u00f3n donde hoy se hallaron los rastros de sangre estuviera abierta.<\/p>\n\n\n\n<p>&#8220;Me pareci\u00f3 extra\u00f1o porque esa puerta siempre est\u00e1 cerrada, con lo cual opt\u00e9 por ir a ver que hab\u00eda (&#8230;) No prend\u00ed la luz, hab\u00eda como un reflejo que ven\u00eda de la ventana y, al mirar del lado derecho de la habitaci\u00f3n, vi un bulto marr\u00f3n, gris, no podr\u00eda definir bien el color, todo cerrado, similar a una bolsa de boxeo, del tama\u00f1o, pero tambi\u00e9n se me hizo que era un cuerpo, sal\u00ed asustada de ah\u00ed, no defin\u00eda lo que hab\u00eda visto, no estaba segura&#8221;, afirm\u00f3 Marcela.<\/p>\n\n\n\n<p>Horas m\u00e1s tarde, Marcela y su marido volvieron a ir al barrio Emerenciano. &#8220;Ah\u00ed le mand\u00e9 un mensaje a Gustavo Obreg\u00f3n (N.d.R.: mano derecha del matrimonio) solicit\u00e1ndole que vaya a ver lo que yo cre\u00ed que hab\u00eda visto ah\u00ed en la casa y, espec\u00edficamente, le puse la palabra \u2018cuerpo\u2019, que es lo que yo cre\u00ed haber visto&#8221;, sostuvo y dijo que, mientras se dirig\u00eda a una actividad en la localidad de Barranqueras, recibi\u00f3 la confirmaci\u00f3n por parte de Obreg\u00f3n &#8220;de que s\u00ed, era un cuerpo&#8221;.<\/p>\n\n\n\n<p>Seg\u00fan Marcela, tras el mensaje de Obreg\u00f3n &#8220;qued\u00f3 sin saber qu\u00e9 hacer&#8221; y tom\u00f3 la decisi\u00f3n de hablar con su hijo antes de decirle al padre qu\u00e9 hab\u00eda sucedido realmente. Pero no lo hizo durante ese d\u00eda, de acuerdo a su relato. La detenida no quiso declarar sobre lo que sucedi\u00f3 d\u00edas despu\u00e9s.<\/p>\n\n\n\n<p>Obreg\u00f3n, por su parte, detall\u00f3 en su indagatoria que &#8220;C\u00e9sar prendi\u00f3 fuego la valija&#8221; (que ayer fue reconocida por la madre y la t\u00eda abuela de Cecilia) y dijo: &#8220;Desde el viernes en que recib\u00ed el mensaje de Marcela Acu\u00f1a, hasta el d\u00eda que ca\u00ed detenido, todos actuaban normales, nadie me coment\u00f3 nada, nadie me dijo nada, nadie me pregunt\u00f3 nada, todos hac\u00edan vida normal (&#8230;) Todos dec\u00edan que no pasaba nada, que C\u00e9sar era inocente, pero a m\u00ed me pesaba y me pesa todo esto que hab\u00edamos hecho, sabiendo lo que hab\u00edamos hecho&#8221;.<\/p>\n\n\n\n<figure class=\"wp-block-image\"><img decoding=\"async\" src=\"https:\/\/www.diarioepoca.com\/content\/bucket\/7\/1304197w762h426c.jpg.webp\" alt=\"\"\/><\/figure>\n\n\n\n<p>En el operativo de este s\u00e1bado, que estuvo a cargo del Equipo Fiscal Especial (EFE), tambi\u00e9n trabaj\u00f3 el Gabinete Cient\u00edfico del Poder Judicial de la provincia y los investigadores utilizaron un georradar. La inspecci\u00f3n se reforz\u00f3 tambi\u00e9n con la colaboraci\u00f3n de un perro adiestrado para buscar restos humanos.<\/p>\n\n\n\n<p>Para hoy tambi\u00e9n estaba previsto que, luego de la inspecci\u00f3n en la casa de los Sena, los agentes se trasladaran a pocas cuadras del lugar y continuaran las pericias en el barrio Emerenciano, donde el pasado 4 de junio \u2014dos d\u00edas despu\u00e9s de que se denunciara la desaparici\u00f3n de Strzyzowski\u2014 se concluy\u00f3 una calle de menos de 100 metros de asfalto. De acuerdo con la denuncias realizadas por los vecinos de la zona, la obra se finaliz\u00f3 durante la madrugada, lo cual fue considerado como un horario poco habitual para ese tipo de trabajos.<\/p>\n\n\n\n<p>El encargado de planificar esa obra de la calzada fue citado a declarar. El hombre asegur\u00f3 que la pavimentaci\u00f3n no fue espont\u00e1nea, ya que se encontraba planificada por la Direcci\u00f3n de Vialidad de Resistencia, junto a otros dos tramos que fueron realizados entre el 3 y 6 de junio.<\/p>\n\n\n\n<p>&#8220;El due\u00f1o de la empresa de hormig\u00f3n trabaj\u00f3 en el lugar&#8221;, confirm\u00f3 el abogado de la familia de Cecilia, Gustavo Briend, al mencionar que los fiscales le solicitaron entregar los planos de la obra y una serie de elementos extras para corroborar que su testimonio era fiel. Asimismo, los funcionarios p\u00fablicos afirmaron que la declaraci\u00f3n del hombre de identidad reservada fue clave para la l\u00ednea de investigaci\u00f3n trazada.<\/p>\n\n\n\n<p>En cuanto a las indagatorias que se recabaron, los fiscales destacaron que la ampliaci\u00f3n del testimonio de Gustavo Obreg\u00f3n, el ch\u00f3fer de la familia, fue vital para trazar el sistema que utiliz\u00f3 el hijo del ex precandidato a diputado provincial por el Frente Chaque\u00f1o para deshacerse de las pertenencias. &#8220;C\u00e9sar baj\u00f3 la mochila y la valija y ah\u00ed nom\u00e1s prendi\u00f3 fuego con un encendedor&#8221;, record\u00f3 el detenido al relatar que la pareja de la mujer le pidi\u00f3 que lo trasladara hasta el barrio que lleva su nombre el 6 de junio pasadas las 20 horas, para deshacerse de las pruebas que fueron halladas en un predio ubicado en Avenida San Mart\u00edn al 3700.<\/p>\n\n\n\n<p>Sin embargo, ese no fue el \u00fanico destino al que Obreg\u00f3n condujo por pedido de sus jefes, ya que tambi\u00e9n arrojaron otros elementos en el r\u00edo Tragadero horas antes de deshacerse del equipaje que se supone que la v\u00edctima hab\u00eda preparado enga\u00f1ada al creer que viajar\u00eda hasta Buenos Aires y luego a Ushuaia junto a su pareja, C\u00e9sar Sena. &#8220;Bajamos con las bolsitas, cada uno llevaba una bolsa y bajamos por un camino, que es como un sendero, que est\u00e1 al costado izquierdo al campo Rossi, que baja hacia al r\u00edo&#8221;, precis\u00f3.<\/p>\n\n\n\n<p>&#8220;Llegamos a la costa del r\u00edo, C\u00e9sar desata una y larga todo el contenido de la bolsita&#8221;, relat\u00f3 el empleado al agregar: &#8220;Y despu\u00e9s con la otra bolsita lo mismo: la desata y larga el contenido en el l\u00edmite del agua y la costa&#8221;. Adem\u00e1s, el ch\u00f3fer confes\u00f3 que no volvieron a ir a la propiedad luego de mencionar que &#8220;C\u00e9sar deja las dos bolsitas en la orilla del r\u00edo y las prende fuego con un encendedor&#8221;.<\/p>\n\n\n\n<p>Despu\u00e9s de que la declaraci\u00f3n de Obreg\u00f3n sirviera como aporte para impulsar los rastrillajes en los que se encontraron elementos que le pertenec\u00edan a Cecilia, los fiscales convocaron a la madre y la t\u00eda abuela de la joven, Gloria Romero y Mercedes Valois, a un reconocimiento de las nuevas pruebas halladas, entre ellas, un dije con forma de cruz, un auricular, un anillo, ropa quemada y la valija en cuesti\u00f3n.<\/p>\n\n\n\n<p>De acuerdo con la informaci\u00f3n a la que pudo acceder Infobae, la t\u00eda abuela reconoci\u00f3 el anillo y con la madre concordaron que el dije tambi\u00e9n era de ella. Antes de que Romero participar\u00e1 de la pericias, la mujer asegur\u00f3 a la prensa que pudo reconocer el accesorio de Cecilia con solo ver las fotograf\u00edas que se difundieron.<\/p>\n\n\n\n<h3 class=\"wp-block-heading\">La investigaci\u00f3n suma equipos forenses<\/h3>\n\n\n\n<p>El pr\u00f3ximo martes llegar\u00e1 por segunda vez a Chaco el equipo de antropolog\u00eda forense del Poder Judicial de C\u00f3rdoba para colaborar con el EFE en la investigaci\u00f3n de la causa y llevar adelante el estudio antropol\u00f3gico de restos \u00f3seos. La \u00faltima colaboraci\u00f3n entre los grupos hab\u00eda sido realizada el pasado s\u00e1bado 17 de junio.<\/p>\n\n\n\n<p>Seg\u00fan informaci\u00f3n oficial, la intervenci\u00f3n fue pedida nuevamente por el EFE ante la Procuraci\u00f3n General y autorizada por el Superior Tribunal de Justicia del Chaco, en funci\u00f3n de lo informado por el m\u00e9dico pat\u00f3logo del Instituto de Medicina y Ciencias Forenses (IMCIF).<\/p>\n","protected":false},"excerpt":{"rendered":"<p>En medio de la b\u00fasqueda del cuerpo de Cecilia Strzyzowski, un equipo de la Direcci\u00f3n de Criminal\u00edstica y Estudios Forenses, junto a agentes la Unidad de criminal\u00edstica de la Agrupaci\u00f3n&hellip; <\/p>\n","protected":false},"author":1,"featured_media":69378,"comment_status":"closed","ping_status":"open","sticky":false,"template":"","format":"standard","meta":{"footnotes":""},"categories":[8],"tags":[],"class_list":["post-69377","post","type-post","status-publish","format-standard","has-post-thumbnail","hentry","category-locales"],"_links":{"self":[{"href":"https:\/\/corrientesdetarde.com\/index.php\/wp-json\/wp\/v2\/posts\/69377","targetHints":{"allow":["GET"]}}],"collection":[{"href":"https:\/\/corrientesdetarde.com\/index.php\/wp-json\/wp\/v2\/posts"}],"about":[{"href":"https:\/\/corrientesdetarde.com\/index.php\/wp-json\/wp\/v2\/types\/post"}],"author":[{"embeddable":true,"href":"https:\/\/corrientesdetarde.com\/index.php\/wp-json\/wp\/v2\/users\/1"}],"replies":[{"embeddable":true,"href":"https:\/\/corrientesdetarde.com\/index.php\/wp-json\/wp\/v2\/comments?post=69377"}],"version-history":[{"count":1,"href":"https:\/\/corrientesdetarde.com\/index.php\/wp-json\/wp\/v2\/posts\/69377\/revisions"}],"predecessor-version":[{"id":69379,"href":"https:\/\/corrientesdetarde.com\/index.php\/wp-json\/wp\/v2\/posts\/69377\/revisions\/69379"}],"wp:featuredmedia":[{"embeddable":true,"href":"https:\/\/corrientesdetarde.com\/index.php\/wp-json\/wp\/v2\/media\/69378"}],"wp:attachment":[{"href":"https:\/\/corrientesdetarde.com\/index.php\/wp-json\/wp\/v2\/media?parent=69377"}],"wp:term":[{"taxonomy":"category","embeddable":true,"href":"https:\/\/corrientesdetarde.com\/index.php\/wp-json\/wp\/v2\/categories?post=69377"},{"taxonomy":"post_tag","embeddable":true,"href":"https:\/\/corrientesdetarde.com\/index.php\/wp-json\/wp\/v2\/tags?post=69377"}],"curies":[{"name":"wp","href":"https:\/\/api.w.org\/{rel}","templated":true}]}}