{"id":69528,"date":"2023-06-25T10:29:54","date_gmt":"2023-06-25T13:29:54","guid":{"rendered":"https:\/\/corrientesdetarde.com\/?p=69528"},"modified":"2023-06-25T10:32:20","modified_gmt":"2023-06-25T13:32:20","slug":"corrientes-vecinos-detuvieron-a-un-ladron-que-saltaba-muros-de-las-casas","status":"publish","type":"post","link":"https:\/\/corrientesdetarde.com\/index.php\/policiales\/corrientes-vecinos-detuvieron-a-un-ladron-que-saltaba-muros-de-las-casas\/","title":{"rendered":"Corrientes: vecinos detuvieron a un ladr\u00f3n que saltaba muros de las casas"},"content":{"rendered":"\n<p>La Polic\u00eda de Corrientes detuvo a un joven de 19 a\u00f1os acusado de robo en la madrugada de hoy, luego de ser interceptado por vecinos en la calle Renacimiento de la capital correntina.<\/p>\n\n\n\n<p>En horas de la madrugada de este s\u00e1bado, la Polic\u00eda de Corrientes recibi\u00f3 una alerta a trav\u00e9s del Sistema Integral de Seguridad 911, informando que vecinos ten\u00edan retenido a un hombre en la calle Renacimiento alrededor del n\u00famero 3900. Los efectivos policiales de la Comisar\u00eda D\u00e9cimo Tercera, quienes se encontraban realizando labores de prevenci\u00f3n en la zona, acudieron de inmediato al lugar.<\/p>\n\n\n\n<p>Al llegar, los agentes encontraron a un grupo de personas que hab\u00eda interceptado a un joven de 19 a\u00f1os. Seg\u00fan los testimonios recabados, el individuo habr\u00eda saltado los muros de algunas viviendas y sustra\u00eddo objetos de una de ellas. Ante esta situaci\u00f3n, procedieron a la detenci\u00f3n del sospechoso, quien fue puesto a disposici\u00f3n de la justicia y trasladado a la mencionada dependencia policial para dar continuidad a las diligencias correspondientes al caso.<\/p>\n\n\n\n<p>Las autoridades continuar\u00e1n con la investigaci\u00f3n para esclarecer los hechos y determinar la responsabilidad del joven detenido.<\/p>\n","protected":false},"excerpt":{"rendered":"<p>La Polic\u00eda de Corrientes detuvo a un joven de 19 a\u00f1os acusado de robo en la madrugada de hoy, luego de ser interceptado por vecinos en la calle Renacimiento de&hellip; <\/p>\n","protected":false},"author":4,"featured_media":69529,"comment_status":"closed","ping_status":"open","sticky":false,"template":"","format":"standard","meta":{"footnotes":""},"categories":[33],"tags":[],"class_list":["post-69528","post","type-post","status-publish","format-standard","has-post-thumbnail","hentry","category-policiales"],"_links":{"self":[{"href":"https:\/\/corrientesdetarde.com\/index.php\/wp-json\/wp\/v2\/posts\/69528","targetHints":{"allow":["GET"]}}],"collection":[{"href":"https:\/\/corrientesdetarde.com\/index.php\/wp-json\/wp\/v2\/posts"}],"about":[{"href":"https:\/\/corrientesdetarde.com\/index.php\/wp-json\/wp\/v2\/types\/post"}],"author":[{"embeddable":true,"href":"https:\/\/corrientesdetarde.com\/index.php\/wp-json\/wp\/v2\/users\/4"}],"replies":[{"embeddable":true,"href":"https:\/\/corrientesdetarde.com\/index.php\/wp-json\/wp\/v2\/comments?post=69528"}],"version-history":[{"count":2,"href":"https:\/\/corrientesdetarde.com\/index.php\/wp-json\/wp\/v2\/posts\/69528\/revisions"}],"predecessor-version":[{"id":69531,"href":"https:\/\/corrientesdetarde.com\/index.php\/wp-json\/wp\/v2\/posts\/69528\/revisions\/69531"}],"wp:featuredmedia":[{"embeddable":true,"href":"https:\/\/corrientesdetarde.com\/index.php\/wp-json\/wp\/v2\/media\/69529"}],"wp:attachment":[{"href":"https:\/\/corrientesdetarde.com\/index.php\/wp-json\/wp\/v2\/media?parent=69528"}],"wp:term":[{"taxonomy":"category","embeddable":true,"href":"https:\/\/corrientesdetarde.com\/index.php\/wp-json\/wp\/v2\/categories?post=69528"},{"taxonomy":"post_tag","embeddable":true,"href":"https:\/\/corrientesdetarde.com\/index.php\/wp-json\/wp\/v2\/tags?post=69528"}],"curies":[{"name":"wp","href":"https:\/\/api.w.org\/{rel}","templated":true}]}}