{"id":69532,"date":"2023-06-25T10:44:40","date_gmt":"2023-06-25T13:44:40","guid":{"rendered":"https:\/\/corrientesdetarde.com\/?p=69532"},"modified":"2023-06-25T10:44:47","modified_gmt":"2023-06-25T13:44:47","slug":"lanus-se-hizo-fuerte-de-local-y-se-lo-dio-vuelta-a-talleres","status":"publish","type":"post","link":"https:\/\/corrientesdetarde.com\/index.php\/deportes\/lanus-se-hizo-fuerte-de-local-y-se-lo-dio-vuelta-a-talleres\/","title":{"rendered":"Lan\u00fas se hizo fuerte de local y se lo dio vuelta a Talleres"},"content":{"rendered":"\n<p>El conjunto de Frank Kudelka venci\u00f3 2 a 1 al conjunto cordob\u00e9s y le rob\u00f3 el invicto.<\/p>\n\n\n\n<p><strong>Lan\u00fas derrot\u00f3 por 2 a 1 a Talleres de local,<\/strong>&nbsp;en el partido correspondiente a la fecha 21 de la Liga Profesional, y<strong>&nbsp;cosech\u00f3 su tercer partido sin conocer la derrota,<\/strong>&nbsp;con dos empates y una victoria.<\/p>\n\n\n\n<p>La \u201cT\u201d comenz\u00f3 ganando con gol de&nbsp;<strong>Diego Valoyes a los 2 del primer tiempo<\/strong>, pero el Granate&nbsp;<strong>se lo dio vuelta con goles de Leandro D\u00edaz y Cristian Lema<\/strong>, en el complemento.<\/p>\n\n\n\n<p>Con este resultado,\u00a0<strong>Lan\u00fas qued\u00f3 37 puntos<\/strong>\u00a0en la cuarta posici\u00f3n.\u00a0<strong>Talleres qued\u00f3 con 40 puntos y cosech\u00f3 su primera derrota luego de siete partidos invicto<\/strong>, qued\u00f3 a 10 del l\u00edder River, que tiene 50 unidades.<\/p>\n\n\n\n<figure class=\"wp-block-embed is-type-rich is-provider-twitter wp-block-embed-twitter\"><div class=\"wp-block-embed__wrapper\">\n<blockquote class=\"twitter-tweet\" data-width=\"550\" data-dnt=\"true\"><p lang=\"es\" dir=\"ltr\">FIN DE LA RACHA PARA TALLERES&#8230; \u00bfFIN DEL SUE\u00d1O? Tras SIETE partidos sin conocer la derrota por la <a href=\"https:\/\/twitter.com\/hashtag\/LigaProfesional?src=hash&amp;ref_src=twsrc%5Etfw\">#LigaProfesional<\/a>, la T sufri\u00f3 una dura ca\u00edda ante Lan\u00fas. <a href=\"https:\/\/t.co\/n3VJoiO47F\">pic.twitter.com\/n3VJoiO47F<\/a><\/p>&mdash; SportsCenter (@SC_ESPN) <a href=\"https:\/\/twitter.com\/SC_ESPN\/status\/1672774315572330497?ref_src=twsrc%5Etfw\">June 25, 2023<\/a><\/blockquote><script async src=\"https:\/\/platform.twitter.com\/widgets.js\" charset=\"utf-8\"><\/script>\n<\/div><\/figure>\n\n\n\n<p>En una interesante parte inicial, el visitante sali\u00f3 r\u00e1pido y arm\u00f3 una contra imparable, a los 2 minutos,&nbsp;<strong>que termin\u00f3 con el colombiano Diego Valoyes abriendo el marcador a favor de los de Javier Gandolfi.<\/strong><\/p>\n\n\n\n<p>Con el correr de los minutos el partido entr\u00f3 en una meseta, con algo de dominio del local, que tuvo la m\u00e1s clara en los pies de su goleador, Leandro D\u00edaz, que se encontr\u00f3 con la figura de Guido Herrera.<\/p>\n\n\n\n<p>A los 41 minutos, otra vez Leandro D\u00edaz tuvo una chance inmejorable para empatar, pero defini\u00f3 defectuosamente abajo del arco. Lan\u00fas se acercaba con mayor peligro al arco de la &#8220;T&#8221;.<\/p>\n\n\n\n<p>En el complemento, la historia se iba a invertir ya que Lan\u00fas estuvo mejor organizado y control\u00f3 la pelota, aprovechando los espacios que le cedi\u00f3 el conjunto cordob\u00e9s.<\/p>\n\n\n\n<p>A los 22 minutos, tras un centro de Mat\u00edas Esquivel, que roza Juan Portillo y&nbsp;<strong>termin\u00f3 en la cabeza de Leandro D\u00edaz para igualar el encuentro 1 a 1 en el N\u00e9stor D\u00edaz P\u00e9rez. T<\/strong>alleres careci\u00f3 de ideas, y estuvo desorientado.<\/p>\n\n\n\n<p>Tres minutos despu\u00e9s,<strong>\u00a0con un tiro libre a cargo de Mat\u00edas Esquivel y la coloca en la cabeza de Cristian Lema que fulmina el arco de Guido Herrera, y sella el 2 a 1.<\/strong><\/p>\n\n\n\n<figure class=\"wp-block-embed is-type-video is-provider-youtube wp-block-embed-youtube wp-embed-aspect-16-9 wp-has-aspect-ratio\"><div class=\"wp-block-embed__wrapper\">\n<iframe loading=\"lazy\" title=\"\u00a1REMONTADA Y TRIUNFAZO GRANATE ANTE LA T EN EL SUR! | Lan\u00fas 2-1 Talleres | RESUMEN\" width=\"1110\" height=\"624\" src=\"https:\/\/www.youtube.com\/embed\/aekiJvWxHz4?feature=oembed\" frameborder=\"0\" allow=\"accelerometer; autoplay; clipboard-write; encrypted-media; gyroscope; picture-in-picture; web-share\" allowfullscreen><\/iframe>\n<\/div><\/figure>\n\n\n\n<p>Por la fecha 22, Lan\u00fas visitar\u00e1 a Platense el pr\u00f3ximo viernes 30 desde las 19 y Talleres recibir\u00e1 Godoy Cruz el s\u00e1bado 1 desde las 21.30.<\/p>\n\n\n\n<h2 class=\"wp-block-heading\">Esta es la s\u00edntesis de Lan\u00fas vs. Talleres por la Liga Profesional 2023:<\/h2>\n\n\n\n<p><strong>Liga Profesional 2023<\/strong><br><strong>Fecha 21<\/strong><br><strong>Lan\u00fas (2) vs. Talleres Cba. (1)<\/strong><br>Estadio: Ciudad de Lan\u00fas-N\u00e9stor D\u00edaz P\u00e9rez<br>\u00c1rbitro: Fernando Rapallini<br>VAR: Lucas Novelli.<br><br><strong>Lan\u00fas:<\/strong>&nbsp;Lucas Acosta; Pablo Aranda, Felipe Aguilar, Diego Braghieri y Juan S\u00e1nchez Mi\u00f1o; Tom\u00e1s Belmonte, Juli\u00e1n Fern\u00e1ndez y Mat\u00edas Esquivel; Pedro De La Vega, Leandro D\u00edaz y Franco Orozco. DT: Frank Kudelka<br><br><strong>Talleres:<\/strong>&nbsp;Guido Herrera; Gast\u00f3n Benav\u00eddez, Mat\u00edas Catal\u00e1n, Juan Rodr\u00edguez y Juan Portillo; Rodrigo Villagra y Ulises Ortegoza; Diego Valoyes, Rodrigo Garro y Ram\u00f3n Sosa; Michael Santos. DT: Javier Gandolfi.<br><br><strong>Gol en el primer tiempo<\/strong>: 2m Diego Valoyes (T)<br><br><strong>Gol en el segundo tiempo:<\/strong>&nbsp;22m Leandro D\u00edaz (L), 26m Cristian Lema (L)<br><br><strong>Cambios en el segundo tiempo:<\/strong>&nbsp;(Inicio) A. Franco por D. Ortegoza (T), 14m F. Troyansky por F. Orozco y J. Sand por P.D.la Vega (L), 24m F. Pizzini por R. Sosa y N. Bustos por M. Santos (T), 31m V. Depietri por R. Villagra (T), 32m L. Boggio por R. Loaiza y J. Fernandez por M. Esquivel (L), 50m F. Perez por L. Diaz (L)<br><br><strong>Incidencias en el segundo tiempo:<\/strong>&nbsp;48m Expulsado Tom\u00e1s Belmonte (L)<\/p>\n","protected":false},"excerpt":{"rendered":"<p>El conjunto de Frank Kudelka venci\u00f3 2 a 1 al conjunto cordob\u00e9s y le rob\u00f3 el invicto. Lan\u00fas derrot\u00f3 por 2 a 1 a Talleres de local,&nbsp;en el partido correspondiente&hellip; <\/p>\n","protected":false},"author":4,"featured_media":69533,"comment_status":"closed","ping_status":"open","sticky":false,"template":"","format":"standard","meta":{"footnotes":""},"categories":[4],"tags":[],"class_list":["post-69532","post","type-post","status-publish","format-standard","has-post-thumbnail","hentry","category-deportes"],"_links":{"self":[{"href":"https:\/\/corrientesdetarde.com\/index.php\/wp-json\/wp\/v2\/posts\/69532","targetHints":{"allow":["GET"]}}],"collection":[{"href":"https:\/\/corrientesdetarde.com\/index.php\/wp-json\/wp\/v2\/posts"}],"about":[{"href":"https:\/\/corrientesdetarde.com\/index.php\/wp-json\/wp\/v2\/types\/post"}],"author":[{"embeddable":true,"href":"https:\/\/corrientesdetarde.com\/index.php\/wp-json\/wp\/v2\/users\/4"}],"replies":[{"embeddable":true,"href":"https:\/\/corrientesdetarde.com\/index.php\/wp-json\/wp\/v2\/comments?post=69532"}],"version-history":[{"count":1,"href":"https:\/\/corrientesdetarde.com\/index.php\/wp-json\/wp\/v2\/posts\/69532\/revisions"}],"predecessor-version":[{"id":69534,"href":"https:\/\/corrientesdetarde.com\/index.php\/wp-json\/wp\/v2\/posts\/69532\/revisions\/69534"}],"wp:featuredmedia":[{"embeddable":true,"href":"https:\/\/corrientesdetarde.com\/index.php\/wp-json\/wp\/v2\/media\/69533"}],"wp:attachment":[{"href":"https:\/\/corrientesdetarde.com\/index.php\/wp-json\/wp\/v2\/media?parent=69532"}],"wp:term":[{"taxonomy":"category","embeddable":true,"href":"https:\/\/corrientesdetarde.com\/index.php\/wp-json\/wp\/v2\/categories?post=69532"},{"taxonomy":"post_tag","embeddable":true,"href":"https:\/\/corrientesdetarde.com\/index.php\/wp-json\/wp\/v2\/tags?post=69532"}],"curies":[{"name":"wp","href":"https:\/\/api.w.org\/{rel}","templated":true}]}}