{"id":69538,"date":"2023-06-25T10:57:47","date_gmt":"2023-06-25T13:57:47","guid":{"rendered":"https:\/\/corrientesdetarde.com\/?p=69538"},"modified":"2023-06-25T10:57:50","modified_gmt":"2023-06-25T13:57:50","slug":"el-puma-martinez-vencio-al-filipino-bornea-y-retuvo-el-titulo-supermosca","status":"publish","type":"post","link":"https:\/\/corrientesdetarde.com\/index.php\/deportes\/el-puma-martinez-vencio-al-filipino-bornea-y-retuvo-el-titulo-supermosca\/","title":{"rendered":"El &#8220;Puma&#8221; Martinez venci\u00f3 al filipino Bornea y retuvo el t\u00edtulo supermosca"},"content":{"rendered":"\n<p>El argentino, campe\u00f3n de la FIB, se impuso por nocaut t\u00e9cnico en el und\u00e9cimo round.<\/p>\n\n\n\n<p>&nbsp;El p\u00fagil porte\u00f1o&nbsp;<strong>Fernando &#8220;Puma&#8221;&nbsp;Mart\u00ednez<\/strong>&nbsp;retuvo la corona de la categor\u00eda supermosca, versi\u00f3n<strong>&nbsp;Federaci\u00f3n Internacional de Boxeo (FIB),<\/strong>&nbsp;al vencer al filipino&nbsp;Jade Bornea&nbsp;<strong>por nocaut t\u00e9cnico,<\/strong>&nbsp;en un combate que se llev\u00f3 a cabo&nbsp;esta noche en la ciudad estadounidense de Mine\u00e1polis.<\/p>\n\n\n\n<p><strong>El desenlace se produjo en el und\u00e9cimo asalto,<\/strong>&nbsp;cuando el&nbsp;argentino, quien adem\u00e1s<strong>&nbsp;mantuvo su invicto,<\/strong>&nbsp;defini\u00f3 el pleito de&nbsp;manera contundente, despu\u00e9s de haber dominado las acciones a lo&nbsp;largo de casi todo el combate.<\/p>\n\n\n\n<p>M\u00e1s all\u00e1 de su s\u00f3lida victoria,<strong>&nbsp;Mart\u00ednez<\/strong>&nbsp;debi\u00f3 esforzarse para&nbsp;superar a un rival que intent\u00f3 equilibrar las acciones en todo&nbsp;momento, presionando en la corta distancia.<\/p>\n\n\n\n<p><strong>Esta fue la segunda defensa de Mart\u00ednez, quien hab\u00eda obtenido&nbsp;el t\u00edtulo en febrero de 2022, tras haber vencido a otro filipino:&nbsp;Jerwin Ancajas, a quien luego volvi\u00f3 a derrotar ocho meses&nbsp;despu\u00e9s.<\/strong><\/p>\n\n\n\n<p>Gracias a esta victoria el boxeador oriundo de La Boca qued\u00f3&nbsp;con un registro de&nbsp;<strong>16 victorias, nueve de ellas por la v\u00eda r\u00e1pida,&nbsp;<\/strong>y con la posibilidad latente de unificar la corona frente a alguno&nbsp;de los campeones de las otras entidades: Joshua Franco (Asociaci\u00f3n&nbsp;Mundial); Juan Estrada (Consejo Mundial) y Junto Nakatani&nbsp;(Organizaci\u00f3n Mundial).<\/p>\n","protected":false},"excerpt":{"rendered":"<p>El argentino, campe\u00f3n de la FIB, se impuso por nocaut t\u00e9cnico en el und\u00e9cimo round. &nbsp;El p\u00fagil porte\u00f1o&nbsp;Fernando &#8220;Puma&#8221;&nbsp;Mart\u00ednez&nbsp;retuvo la corona de la categor\u00eda supermosca, versi\u00f3n&nbsp;Federaci\u00f3n Internacional de Boxeo (FIB),&nbsp;al&hellip; <\/p>\n","protected":false},"author":4,"featured_media":69539,"comment_status":"closed","ping_status":"open","sticky":false,"template":"","format":"standard","meta":{"footnotes":""},"categories":[4],"tags":[],"class_list":["post-69538","post","type-post","status-publish","format-standard","has-post-thumbnail","hentry","category-deportes"],"_links":{"self":[{"href":"https:\/\/corrientesdetarde.com\/index.php\/wp-json\/wp\/v2\/posts\/69538","targetHints":{"allow":["GET"]}}],"collection":[{"href":"https:\/\/corrientesdetarde.com\/index.php\/wp-json\/wp\/v2\/posts"}],"about":[{"href":"https:\/\/corrientesdetarde.com\/index.php\/wp-json\/wp\/v2\/types\/post"}],"author":[{"embeddable":true,"href":"https:\/\/corrientesdetarde.com\/index.php\/wp-json\/wp\/v2\/users\/4"}],"replies":[{"embeddable":true,"href":"https:\/\/corrientesdetarde.com\/index.php\/wp-json\/wp\/v2\/comments?post=69538"}],"version-history":[{"count":1,"href":"https:\/\/corrientesdetarde.com\/index.php\/wp-json\/wp\/v2\/posts\/69538\/revisions"}],"predecessor-version":[{"id":69540,"href":"https:\/\/corrientesdetarde.com\/index.php\/wp-json\/wp\/v2\/posts\/69538\/revisions\/69540"}],"wp:featuredmedia":[{"embeddable":true,"href":"https:\/\/corrientesdetarde.com\/index.php\/wp-json\/wp\/v2\/media\/69539"}],"wp:attachment":[{"href":"https:\/\/corrientesdetarde.com\/index.php\/wp-json\/wp\/v2\/media?parent=69538"}],"wp:term":[{"taxonomy":"category","embeddable":true,"href":"https:\/\/corrientesdetarde.com\/index.php\/wp-json\/wp\/v2\/categories?post=69538"},{"taxonomy":"post_tag","embeddable":true,"href":"https:\/\/corrientesdetarde.com\/index.php\/wp-json\/wp\/v2\/tags?post=69538"}],"curies":[{"name":"wp","href":"https:\/\/api.w.org\/{rel}","templated":true}]}}