{"id":69547,"date":"2023-06-25T11:28:00","date_gmt":"2023-06-25T14:28:00","guid":{"rendered":"https:\/\/corrientesdetarde.com\/?p=69547"},"modified":"2023-06-25T11:28:05","modified_gmt":"2023-06-25T14:28:05","slug":"guillermo-francella-recordo-el-conflicto-con-erica-rivas-por-casados-con-hijos","status":"publish","type":"post","link":"https:\/\/corrientesdetarde.com\/index.php\/espectaculos\/guillermo-francella-recordo-el-conflicto-con-erica-rivas-por-casados-con-hijos\/","title":{"rendered":"Guillermo Francella record\u00f3 el conflicto con \u00c9rica Rivas por \u2018Casados con Hijos\u2019"},"content":{"rendered":"\n<p>El actor revel\u00f3 que hizo lo posible para que la actriz que interpret\u00f3 a \u201cMar\u00eda Elena\u201d participe en la obra de teatro. &#8220;Estaba demasiado tomada con este tema&#8221;, expres\u00f3 el interprete de &#8216;Pepe Argento&#8217;.<\/p>\n\n\n\n<p>El regreso de&nbsp;<strong>\u2018Casados con Hijos\u2019<\/strong>&nbsp;en su adaptaci\u00f3n teatral fue un \u00e9xito total para los seguidores del programa. Sin embargo, la cl\u00e1sica comedia argentina cont\u00f3 con la ausencia de uno de los personajes favoritos del p\u00fablico.&nbsp;<\/p>\n\n\n\n<p><strong>\u00c9rica Rivas<\/strong>, quien le dio vida a &#8216;<strong>Mar\u00eda Elena Fuseneco&#8217;<\/strong>, decidi\u00f3 no participar en la obra por no estar de acuerdo con el gui\u00f3n. La actriz habr\u00eda propuesto aggiornar la trama para que tenga mayor perspectiva de g\u00e9nero y se valore m\u00e1s el lugar de la mujer en la sociedad actual.&nbsp;<\/p>\n\n\n\n<p>Tras esta negativa de la actriz, el resto del elenco asegur\u00f3 en distintas ocasiones que intentaron convencerla. En los \u00faltimos d\u00edas,&nbsp;<strong>Guillermo Francella<\/strong>&nbsp;habl\u00f3 sobre esta situaci\u00f3n. \u201c\u00bfFue una espina que les qued\u00f3 no haber hecho el elenco original?\u201d, le consultaron en una entrevista para Caja Negra y el actor respondi\u00f3:<strong>&nbsp;\u201cFue una elecci\u00f3n, no se pudo m\u00e1s, se le habl\u00f3 de mil maneras\u201d<\/strong>.<\/p>\n\n\n\n<p>Con la propuesta del proyecto, Francella asegur\u00f3 que ten\u00eda una buena intuici\u00f3n con el regreso de<em>&nbsp;\u2018la familia Argento\u2019<\/em>.&nbsp;<strong>\u201cY dicho y hecho. Hicimos 93 Gran Rex, que es una cosa\u2026\u201d<\/strong>, expres\u00f3 el actor y a\u00f1adi\u00f3 que Rivas no ten\u00eda la misma visi\u00f3n:&nbsp;<strong>\u201cY vos ve\u00edas lo que era el p\u00fablico y justo ella me ha preguntado \u2018\u00bfde qu\u00e9 nos vamos a re\u00edr de un programa que tiene 18 a\u00f1os?\u2019 Y de eso\u201d.&nbsp;<\/strong><\/p>\n\n\n\n<p>Adem\u00e1s, explic\u00f3 como fue que finalmente se decidi\u00f3 no incluir a Maria Elena en la obra.<strong>&nbsp;\u201cElla sosten\u00eda que quer\u00eda que hubiera otro Casados con hijos con autoras mujeres que entienden el universo que est\u00e1 pasando\u201d<\/strong>, se\u00f1al\u00f3 Francella y agreg\u00f3:<strong>&nbsp;\u201cLo hablo Florencia, Luisana, Gustavo, todos. Yo le aclar\u00e9 \u2018no te comas un pan amargo y no nos hagas comer a mi y a los chicos\u2019. Estaba demasiado tomada con este tema y dijimos \u2018bueno entonces no se puede\u2019\u201d<\/strong>.<\/p>\n\n\n\n<p>Finalmente el personaje de \u2018Mar\u00eda Elena&#8217; fue reemplazado por \u2018Azucena\u2019, la cual interpret\u00f3&nbsp;<strong>Jorgelina Aruzzi<\/strong>. Tras el esc\u00e1ndalo, \u00c9rica Rivas asegur\u00f3 que no se baj\u00f3 de la obra sino que la bajaron. \u201c<strong>Me echaron porque era un dolor de huevos, porque soy un grano en el orto<\/strong>. Y<strong>o quer\u00eda estar, ocupar ese espacio, que est\u00e9 mi personaje ah\u00ed, ver qu\u00e9 le pasar\u00eda ahora.<\/strong>&nbsp;Yo no me fui, a veces me felicitan por haberme ido. Y no, no me fui.<strong>&nbsp;\u00a1Me echaron! Intent\u00e9 hasta \u00faltimo momento y me dijeron que no. Y me tuve que morfar un mont\u00f3n de cosas. Me tuve que morfar que me digan feminazi. Y yo soy la loca, hist\u00e9rica, la diva<\/strong>\u201d, expres\u00f3 la actriz en su momento.&nbsp;<\/p>\n","protected":false},"excerpt":{"rendered":"<p>El actor revel\u00f3 que hizo lo posible para que la actriz que interpret\u00f3 a \u201cMar\u00eda Elena\u201d participe en la obra de teatro. &#8220;Estaba demasiado tomada con este tema&#8221;, expres\u00f3 el&hellip; <\/p>\n","protected":false},"author":4,"featured_media":69556,"comment_status":"closed","ping_status":"open","sticky":false,"template":"","format":"standard","meta":{"footnotes":""},"categories":[19],"tags":[],"class_list":["post-69547","post","type-post","status-publish","format-standard","has-post-thumbnail","hentry","category-espectaculos"],"_links":{"self":[{"href":"https:\/\/corrientesdetarde.com\/index.php\/wp-json\/wp\/v2\/posts\/69547","targetHints":{"allow":["GET"]}}],"collection":[{"href":"https:\/\/corrientesdetarde.com\/index.php\/wp-json\/wp\/v2\/posts"}],"about":[{"href":"https:\/\/corrientesdetarde.com\/index.php\/wp-json\/wp\/v2\/types\/post"}],"author":[{"embeddable":true,"href":"https:\/\/corrientesdetarde.com\/index.php\/wp-json\/wp\/v2\/users\/4"}],"replies":[{"embeddable":true,"href":"https:\/\/corrientesdetarde.com\/index.php\/wp-json\/wp\/v2\/comments?post=69547"}],"version-history":[{"count":1,"href":"https:\/\/corrientesdetarde.com\/index.php\/wp-json\/wp\/v2\/posts\/69547\/revisions"}],"predecessor-version":[{"id":69557,"href":"https:\/\/corrientesdetarde.com\/index.php\/wp-json\/wp\/v2\/posts\/69547\/revisions\/69557"}],"wp:featuredmedia":[{"embeddable":true,"href":"https:\/\/corrientesdetarde.com\/index.php\/wp-json\/wp\/v2\/media\/69556"}],"wp:attachment":[{"href":"https:\/\/corrientesdetarde.com\/index.php\/wp-json\/wp\/v2\/media?parent=69547"}],"wp:term":[{"taxonomy":"category","embeddable":true,"href":"https:\/\/corrientesdetarde.com\/index.php\/wp-json\/wp\/v2\/categories?post=69547"},{"taxonomy":"post_tag","embeddable":true,"href":"https:\/\/corrientesdetarde.com\/index.php\/wp-json\/wp\/v2\/tags?post=69547"}],"curies":[{"name":"wp","href":"https:\/\/api.w.org\/{rel}","templated":true}]}}