{"id":69550,"date":"2023-06-25T11:25:17","date_gmt":"2023-06-25T14:25:17","guid":{"rendered":"https:\/\/corrientesdetarde.com\/?p=69550"},"modified":"2023-06-25T11:25:56","modified_gmt":"2023-06-25T14:25:56","slug":"como-es-la-obra-mi-madre-mi-novia-y-yo","status":"publish","type":"post","link":"https:\/\/corrientesdetarde.com\/index.php\/espectaculos\/como-es-la-obra-mi-madre-mi-novia-y-yo\/","title":{"rendered":"\u00bfC\u00f3mo es la obra \u201cMi madre, mi novia y yo\u201d?"},"content":{"rendered":"\n<p>\u00bfDe qu\u00e9 trata la comedia dirigida por Diego Reinhold y protagonizada por Sebasti\u00e1n Presta?<\/p>\n\n\n\n<p><strong>\u201cMi madre, mi novia y yo\u201d<\/strong>&nbsp;es una obra teatral que tuvo su primera temporada en 2022 y ahora volvi\u00f3 al Paseo La Plaza para ofrecer una propuesta humor\u00edstica que promete carcajadas de principio a fin.<\/p>\n\n\n\n<p>La pieza teatral dirigida por&nbsp;<strong>Diego Reinhold<\/strong>&nbsp;y protagonizada por&nbsp;<strong>Sebasti\u00e1n Presta, Graciela Tenenbaum y Victoria Almeida<\/strong>&nbsp;habla de los problemas en los v\u00ednculos familiares y se centra de lo dif\u00edcil que se le hace a una madre recibir a la novia de su \u00fanico hijo var\u00f3n.<\/p>\n\n\n\n<p>Sebasti\u00e1n Presta -recientemente nominado a los Premios Mart\u00edn Fierro en la categor\u00eda actor de reparto por su participaci\u00f3n en \u201cEl primero de nosotros\u201d- encabeza esta desopilante comedia donde interpreta a Fernando, un eterno solter\u00f3n, que por primera vez le presentar\u00e1 su novia (Victoria Almeida) a su avasallante madre (Graciela Tenenbaum). A pesar de los pedidos del hijo, la madre hace lo que quiere y esa cena de Noche Buena termina siendo un desastre.<\/p>\n\n\n\n<p>As\u00ed como el humor va escalando con el transcurso de la obra, tambi\u00e9n los embrollos van subiendo la tensi\u00f3n y logran sorprender al p\u00fablico que queda at\u00f3nito ante las ocurrencias de aquella madre que es tan sobreprotectora como anclada en otra \u00e9poca.<\/p>\n\n\n\n<p>Resulta inevitable irse con una sonrisa porque en lo tragic\u00f3mico que tiene la obra, la comedia termina venciendo a la tragedia y hasta el v\u00ednculo m\u00e1s t\u00f3xico puede revertirse cuando, despu\u00e9s de muchos silencios, se decide recurrir al di\u00e1logo.<\/p>\n\n\n\n<p>\u201cMi madre, mi novia y yo\u201d, dirigida por Diego Reinhold y protagonizada por Sebasti\u00e1n Presta, Graciela Tenenbaum y Victoria Almeida, se presenta en la sala Pablo Picasso del Paseo La Plaza, con funciones de jueves a domingo.<\/p>\n\n\n\n<figure class=\"wp-block-image\"><img decoding=\"async\" src=\"https:\/\/noticiasargentinas.com\/images\/NA\/Contenidos\/mi_madre.webp\" alt=\"mi_madre.jpg\"\/><\/figure>\n","protected":false},"excerpt":{"rendered":"<p>\u00bfDe qu\u00e9 trata la comedia dirigida por Diego Reinhold y protagonizada por Sebasti\u00e1n Presta? \u201cMi madre, mi novia y yo\u201d&nbsp;es una obra teatral que tuvo su primera temporada en 2022&hellip; <\/p>\n","protected":false},"author":4,"featured_media":69551,"comment_status":"closed","ping_status":"open","sticky":false,"template":"","format":"standard","meta":{"footnotes":""},"categories":[19],"tags":[],"class_list":["post-69550","post","type-post","status-publish","format-standard","has-post-thumbnail","hentry","category-espectaculos"],"_links":{"self":[{"href":"https:\/\/corrientesdetarde.com\/index.php\/wp-json\/wp\/v2\/posts\/69550","targetHints":{"allow":["GET"]}}],"collection":[{"href":"https:\/\/corrientesdetarde.com\/index.php\/wp-json\/wp\/v2\/posts"}],"about":[{"href":"https:\/\/corrientesdetarde.com\/index.php\/wp-json\/wp\/v2\/types\/post"}],"author":[{"embeddable":true,"href":"https:\/\/corrientesdetarde.com\/index.php\/wp-json\/wp\/v2\/users\/4"}],"replies":[{"embeddable":true,"href":"https:\/\/corrientesdetarde.com\/index.php\/wp-json\/wp\/v2\/comments?post=69550"}],"version-history":[{"count":2,"href":"https:\/\/corrientesdetarde.com\/index.php\/wp-json\/wp\/v2\/posts\/69550\/revisions"}],"predecessor-version":[{"id":69554,"href":"https:\/\/corrientesdetarde.com\/index.php\/wp-json\/wp\/v2\/posts\/69550\/revisions\/69554"}],"wp:featuredmedia":[{"embeddable":true,"href":"https:\/\/corrientesdetarde.com\/index.php\/wp-json\/wp\/v2\/media\/69551"}],"wp:attachment":[{"href":"https:\/\/corrientesdetarde.com\/index.php\/wp-json\/wp\/v2\/media?parent=69550"}],"wp:term":[{"taxonomy":"category","embeddable":true,"href":"https:\/\/corrientesdetarde.com\/index.php\/wp-json\/wp\/v2\/categories?post=69550"},{"taxonomy":"post_tag","embeddable":true,"href":"https:\/\/corrientesdetarde.com\/index.php\/wp-json\/wp\/v2\/tags?post=69550"}],"curies":[{"name":"wp","href":"https:\/\/api.w.org\/{rel}","templated":true}]}}