{"id":69555,"date":"2023-06-25T11:29:19","date_gmt":"2023-06-25T14:29:19","guid":{"rendered":"https:\/\/corrientesdetarde.com\/?p=69555"},"modified":"2023-06-25T11:29:22","modified_gmt":"2023-06-25T14:29:22","slug":"el-cone-de-gh-se-quebro-en-vivo-al-hablar-sobre-la-separacion-con-coty-romero","status":"publish","type":"post","link":"https:\/\/corrientesdetarde.com\/index.php\/espectaculos\/el-cone-de-gh-se-quebro-en-vivo-al-hablar-sobre-la-separacion-con-coty-romero\/","title":{"rendered":"&#8220;El Cone&#8221; de GH se quebr\u00f3 en vivo al hablar sobre la separaci\u00f3n con Coty Romero"},"content":{"rendered":"\n<p>Alexis Quiroga revel\u00f3 que padece problemas para dormir desde que se separ\u00f3 de su novia y habl\u00f3 sobre una posible reconciliaci\u00f3n.<\/p>\n\n\n\n<p>Una de las parejas que se form\u00f3 en\u00a0<strong>Gran Hermano 2022<\/strong>\u00a0lleg\u00f3 a su fin.\u00a0<strong>Alexis \u2018el Cone\u2019 Quiroga<\/strong>\u00a0y<strong>\u00a0Coty Romero<\/strong>\u00a0finalizaron su relaci\u00f3n tras casi 7 meses de relaci\u00f3n. El ex participante de GH habl\u00f3 sobre la ruptura y demostr\u00f3 su tristeza.\u00a0<\/p>\n\n\n\n<p>El cordob\u00e9s asegur\u00f3 que extra\u00f1a a su ex novia y se quebr\u00f3 en vivo al referirse a la correntina.&nbsp;<strong>\u201cLos dos estamos enganchados\u201d<\/strong>, revel\u00f3 \u2018el Cone\u2019 en&nbsp;<em><strong>LAM<\/strong><\/em>. El medi\u00e1tico asegur\u00f3 que luego de cortar Coty viaj\u00f3 a su provincia natal para estar con su familia.&nbsp;<strong>\u201cSe fue muy mal\u201d<\/strong>, coment\u00f3.&nbsp;<\/p>\n\n\n\n<p><strong>\u201cExtra\u00f1o todo de ella, pr\u00e1cticamente todo. Como compa\u00f1era. Pasamos un mont\u00f3n de cosas hermosas, pero era una sumatoria de peleas que llega un momento en el que dec\u00eds \u2018bueno, yo no quiero estar m\u00e1s con ella\u2019\u201d<\/strong>, agreg\u00f3 Alexis.<\/p>\n\n\n\n<p>&#8216;El Conejo&#8217; se refiri\u00f3 a la posibilidad de reconciliarse con Coty y asegur\u00f3 que puede suceder.&nbsp;<strong>\u201cYo soy part\u00edcipe de que si hay amor siempre hay chances\u201d<\/strong>, expres\u00f3 y a\u00f1adi\u00f3:&nbsp;<strong>\u201cDespu\u00e9s de que ella tom\u00f3 la decisi\u00f3n, volvimos a hablar hace poquito, ella volvi\u00f3 de Corrientes con otra cabeza, que quer\u00eda volver, que estuvi\u00e9ramos juntos\u201d<\/strong>.&nbsp;<\/p>\n\n\n\n<p>Sin embargo, habl\u00f3 sobre el dif\u00edcil momento que pas\u00f3 tras separarse.&nbsp;<strong>\u201cYo pas\u00e9 dos semanas muy feas, tomando pastillas para dormir. No hab\u00eda forma de dormir\u201d<\/strong>, revel\u00f3. El ex GH explic\u00f3 que no quiso volver con Coty porque tiene cosas por sanar:&nbsp;<strong>\u201cPas\u00e9 un mont\u00f3n de cosas que hac\u00eda much\u00edsimo tiempo que no me pasaban, pidi\u00e9ndole por favor&#8230; Despu\u00e9s, volvi\u00f3 con otra imagen de querer volver, pero sent\u00ed que me lo deb\u00eda a m\u00ed, a tratar de estar bien. Pas\u00e9 dos semanas de mierda\u201d<\/strong>.<\/p>\n\n\n\n<p>Alexis argument\u00f3 que necesita tener las cosas claras para regresar con la correntina.&nbsp;<strong>\u201cElla quer\u00eda volver. Ahora yo necesito estar m\u00e1s fuerte. No quiero volver a pasar lo mismo, quiero estar seguro de que las cosas van a ser distintas, de que la relaci\u00f3n va a ser sana\u201d<\/strong>, sostuvo.&nbsp;<\/p>\n","protected":false},"excerpt":{"rendered":"<p>Alexis Quiroga revel\u00f3 que padece problemas para dormir desde que se separ\u00f3 de su novia y habl\u00f3 sobre una posible reconciliaci\u00f3n. Una de las parejas que se form\u00f3 en\u00a0Gran Hermano&hellip; <\/p>\n","protected":false},"author":4,"featured_media":69558,"comment_status":"closed","ping_status":"open","sticky":false,"template":"","format":"standard","meta":{"footnotes":""},"categories":[19],"tags":[],"class_list":["post-69555","post","type-post","status-publish","format-standard","has-post-thumbnail","hentry","category-espectaculos"],"_links":{"self":[{"href":"https:\/\/corrientesdetarde.com\/index.php\/wp-json\/wp\/v2\/posts\/69555","targetHints":{"allow":["GET"]}}],"collection":[{"href":"https:\/\/corrientesdetarde.com\/index.php\/wp-json\/wp\/v2\/posts"}],"about":[{"href":"https:\/\/corrientesdetarde.com\/index.php\/wp-json\/wp\/v2\/types\/post"}],"author":[{"embeddable":true,"href":"https:\/\/corrientesdetarde.com\/index.php\/wp-json\/wp\/v2\/users\/4"}],"replies":[{"embeddable":true,"href":"https:\/\/corrientesdetarde.com\/index.php\/wp-json\/wp\/v2\/comments?post=69555"}],"version-history":[{"count":1,"href":"https:\/\/corrientesdetarde.com\/index.php\/wp-json\/wp\/v2\/posts\/69555\/revisions"}],"predecessor-version":[{"id":69559,"href":"https:\/\/corrientesdetarde.com\/index.php\/wp-json\/wp\/v2\/posts\/69555\/revisions\/69559"}],"wp:featuredmedia":[{"embeddable":true,"href":"https:\/\/corrientesdetarde.com\/index.php\/wp-json\/wp\/v2\/media\/69558"}],"wp:attachment":[{"href":"https:\/\/corrientesdetarde.com\/index.php\/wp-json\/wp\/v2\/media?parent=69555"}],"wp:term":[{"taxonomy":"category","embeddable":true,"href":"https:\/\/corrientesdetarde.com\/index.php\/wp-json\/wp\/v2\/categories?post=69555"},{"taxonomy":"post_tag","embeddable":true,"href":"https:\/\/corrientesdetarde.com\/index.php\/wp-json\/wp\/v2\/tags?post=69555"}],"curies":[{"name":"wp","href":"https:\/\/api.w.org\/{rel}","templated":true}]}}