{"id":69560,"date":"2023-06-25T11:54:06","date_gmt":"2023-06-25T14:54:06","guid":{"rendered":"https:\/\/corrientesdetarde.com\/?p=69560"},"modified":"2023-06-25T11:54:10","modified_gmt":"2023-06-25T14:54:10","slug":"el-impresionante-debut-de-cirque-du-soleil-bazzar-en-buenos-aires","status":"publish","type":"post","link":"https:\/\/corrientesdetarde.com\/index.php\/espectaculos\/el-impresionante-debut-de-cirque-du-soleil-bazzar-en-buenos-aires\/","title":{"rendered":"El impresionante debut de Cirque du Soleil Bazzar en Buenos Aires"},"content":{"rendered":"\n<p>La compa\u00f1\u00eda internacional se presenta en Costanera Sur hasta el 30 de julio.<\/p>\n\n\n\n<p>Tras cinco a\u00f1os de ausencia, lleg\u00f3 al pa\u00eds una de las compa\u00f1\u00edas m\u00e1s esperadas:&nbsp;<strong>Cirque du Soleil ya arranc\u00f3 sus funciones en Buenos Aires con su espect\u00e1culo Bazzar<\/strong>&nbsp;y&nbsp;<em>Noticias Argentinas<\/em>&nbsp;estuvo en la primera de sus 48 funciones que se llevar\u00e1n a cabo hasta el fin de las vacaciones de invierno.<\/p>\n\n\n\n<p>Este espect\u00e1culo marca la vuelta del&nbsp;<strong>Cirque du Soleil<\/strong>&nbsp;a sus or\u00edgenes a trav\u00e9s de un show inspirado en los pilares que marcaron su creaci\u00f3n all\u00e1 por los a\u00f1os \u201980. Emoci\u00f3n, destreza, adrenalina y colores son algunos de los distintivos de esta propuesta \u00fanica.<\/p>\n\n\n\n<figure class=\"wp-block-image\"><img decoding=\"async\" src=\"https:\/\/noticiasargentinas.com\/images\/NA\/Contenidos\/roller_g.webp\" alt=\"roller_g.jpg\"\/><\/figure>\n\n\n\n<figure class=\"wp-block-image\"><img decoding=\"async\" src=\"https:\/\/noticiasargentinas.com\/images\/NA\/Contenidos\/rollr.webp\" alt=\"rollr.jpg\"\/><\/figure>\n\n\n\n<p>Pasadas las 20:30, el maestro de ceremonia se present\u00f3 ante una carpa llena y euf\u00f3rica, con una audiencia que se emocion\u00f3 al escucharlo hablar en nuestro idioma:&nbsp;<strong>\u201cHola, mi gente linda. \u00bfQu\u00e9 onda, che? Yo soy el maestro. \u00a1Qu\u00e9 piola! Todo lo que ven y todo lo que sienten pasa aqu\u00ed\u201d.<\/strong><\/p>\n\n\n\n<p>La cantante del grupo enton\u00f3 un tema en espa\u00f1ol y r\u00e1pidamente comenzaron a salir a escena el resto de los artistas: acr\u00f3batas sobre patines, trapecistas y malabaristas dieron inicio a la funci\u00f3n.<\/p>\n\n\n\n<p>Como es de esperar en este tipo de shows internacionales, los cuadros los presentaron con total perfecci\u00f3n. Todos los artistas demostraron por qu\u00e9 merecen su lugar: son de primer nivel, de esos que te dejan con la boca abierta o que te provocan cierto v\u00e9rtigo al verlos volar o girar por el aire con tanta soltura.<\/p>\n\n\n\n<p>La puesta en escena de Bazzar est\u00e1 compuesta por un elenco de<strong>\u00a035 artistas<\/strong>\u00a0de\u00a0<strong>27 nacionalidades\u00a0<\/strong>diferentes, entre las que se destaca la argentina\u00a0<strong>Josefina Oriozabala,<\/strong>\u00a0encargada de una performance \u00fanica en la que recorre la carpa y realiza acrobacias sostenida por su cabello (<em>hair suspension<\/em>\u00a0en ingl\u00e9s), el cual se transform\u00f3 en uno de los sets m\u00e1s aplaudidos y ovacionados de la gira de\u00a0<strong>Bazzar\u00a0<\/strong>por Sudam\u00e9rica.\u00a0<\/p>\n\n\n\n<p>Uno de los momentos m\u00e1s esperados en&nbsp;<strong>Bazzar&nbsp;<\/strong>es cuando por primera vez en la historia del Cirque du Soleil, los artistas realizan un acto de&nbsp;<strong>Mallakhamb<\/strong>, un deporte tradicional de la India que involucra a gimnastas realizando posturas a\u00e9reas de yoga y agarres de lucha junto a un poste de madera vertical fijo y colgante.<\/p>\n\n\n\n<p>Adem\u00e1s, el show que se presenta en&nbsp;<strong>Costanera Sur<\/strong>&nbsp;cuenta con una amplia variedad de disciplinas acrob\u00e1ticas, como balanc\u00edn, acarreo, bicicleta acrob\u00e1tica, contorsi\u00f3n, d\u00fao de patines, d\u00fao de trapecio, cuerda a\u00e9rea y cuerda floja, entre otros. A su vez, cuenta con m\u00fasica en vivo en donde se crea una escena sensorial impactante para el p\u00fablico presente. \u00a1Un show imperdible, un lujo que ya podemos disfrutar en el pa\u00eds!&nbsp;<\/p>\n\n\n\n<figure class=\"wp-block-image\"><img decoding=\"async\" src=\"https:\/\/noticiasargentinas.com\/images\/NA\/Contenidos\/rttt.webp\" alt=\"rttt.jpg\"\/><\/figure>\n","protected":false},"excerpt":{"rendered":"<p>La compa\u00f1\u00eda internacional se presenta en Costanera Sur hasta el 30 de julio. Tras cinco a\u00f1os de ausencia, lleg\u00f3 al pa\u00eds una de las compa\u00f1\u00edas m\u00e1s esperadas:&nbsp;Cirque du Soleil ya&hellip; <\/p>\n","protected":false},"author":4,"featured_media":69562,"comment_status":"closed","ping_status":"open","sticky":false,"template":"","format":"standard","meta":{"footnotes":""},"categories":[19],"tags":[],"class_list":["post-69560","post","type-post","status-publish","format-standard","has-post-thumbnail","hentry","category-espectaculos"],"_links":{"self":[{"href":"https:\/\/corrientesdetarde.com\/index.php\/wp-json\/wp\/v2\/posts\/69560","targetHints":{"allow":["GET"]}}],"collection":[{"href":"https:\/\/corrientesdetarde.com\/index.php\/wp-json\/wp\/v2\/posts"}],"about":[{"href":"https:\/\/corrientesdetarde.com\/index.php\/wp-json\/wp\/v2\/types\/post"}],"author":[{"embeddable":true,"href":"https:\/\/corrientesdetarde.com\/index.php\/wp-json\/wp\/v2\/users\/4"}],"replies":[{"embeddable":true,"href":"https:\/\/corrientesdetarde.com\/index.php\/wp-json\/wp\/v2\/comments?post=69560"}],"version-history":[{"count":1,"href":"https:\/\/corrientesdetarde.com\/index.php\/wp-json\/wp\/v2\/posts\/69560\/revisions"}],"predecessor-version":[{"id":69564,"href":"https:\/\/corrientesdetarde.com\/index.php\/wp-json\/wp\/v2\/posts\/69560\/revisions\/69564"}],"wp:featuredmedia":[{"embeddable":true,"href":"https:\/\/corrientesdetarde.com\/index.php\/wp-json\/wp\/v2\/media\/69562"}],"wp:attachment":[{"href":"https:\/\/corrientesdetarde.com\/index.php\/wp-json\/wp\/v2\/media?parent=69560"}],"wp:term":[{"taxonomy":"category","embeddable":true,"href":"https:\/\/corrientesdetarde.com\/index.php\/wp-json\/wp\/v2\/categories?post=69560"},{"taxonomy":"post_tag","embeddable":true,"href":"https:\/\/corrientesdetarde.com\/index.php\/wp-json\/wp\/v2\/tags?post=69560"}],"curies":[{"name":"wp","href":"https:\/\/api.w.org\/{rel}","templated":true}]}}