{"id":69817,"date":"2023-06-26T15:57:01","date_gmt":"2023-06-26T18:57:01","guid":{"rendered":"https:\/\/corrientesdetarde.com\/?p=69817"},"modified":"2023-06-26T15:57:06","modified_gmt":"2023-06-26T18:57:06","slug":"el-mensaje-de-dalma-maradona-a-riquelme-por-el-homenaje-a-diego-en-su-despedida","status":"publish","type":"post","link":"https:\/\/corrientesdetarde.com\/index.php\/deportes\/el-mensaje-de-dalma-maradona-a-riquelme-por-el-homenaje-a-diego-en-su-despedida\/","title":{"rendered":"El mensaje de Dalma Maradona a Riquelme por el homenaje a Diego en su despedida"},"content":{"rendered":"\n<p>La hija mayor de Diego Maradona le envi\u00f3 varios mensajes a Juan Rom\u00e1n Riquelme a trav\u00e9s de sus redes sociales.<\/p>\n\n\n\n<p>El partido despedida de&nbsp;<strong>Juan Rom\u00e1n Riquelme&nbsp;<\/strong>tuvo varios puntos altos, la presencia de<strong>&nbsp;Lionel Messi, Lionel Scaloni, Leandro Paredes y Angel Di Mar\u00eda<\/strong>, campeones del mundo; la presencia, una vez m\u00e1s de<strong>&nbsp;Carlos Bianchi<\/strong>&nbsp;en la Bombonera y el homenaje de Riquelme a&nbsp;<strong>Diego Maradona.<\/strong><\/p>\n\n\n\n<p>Mientras el propio Riquelme estaba dando su discurso en el cierre del evento,&nbsp;se tom\u00f3 unos segundos para quitarse la camiseta que ten\u00eda puesta con la que jug\u00f3 todo el encuentro y se la cambi\u00f3 por una similar, tambi\u00e9n azul y oro y con el N\u00b0 10, pero con el nombre \u201cMaradona\u201d&nbsp;en su dorsal.<\/p>\n\n\n\n<figure class=\"wp-block-image size-large\"><img loading=\"lazy\" decoding=\"async\" width=\"598\" height=\"1024\" src=\"https:\/\/corrientesdetarde.com\/wp-content\/uploads\/2023\/06\/image-688-598x1024.png\" alt=\"\" class=\"wp-image-69819\" srcset=\"https:\/\/corrientesdetarde.com\/wp-content\/uploads\/2023\/06\/image-688-598x1024.png 598w, https:\/\/corrientesdetarde.com\/wp-content\/uploads\/2023\/06\/image-688-175x300.png 175w, https:\/\/corrientesdetarde.com\/wp-content\/uploads\/2023\/06\/image-688.png 610w\" sizes=\"auto, (max-width: 598px) 100vw, 598px\" \/><\/figure>\n\n\n\n<p>\u201cDesde el primer partido hasta el \u00faltimo tuve la suerte de que me han ovacionado.&nbsp;He sido un afortunado, me toc\u00f3 jugar con el m\u00e1s grande que vi de chiquito, que fue Maradona\u201d, dijo Rom\u00e1n,&nbsp;lo que gener\u00f3 una extensa ovaci\u00f3n en el estadio.<\/p>\n\n\n\n<p>Esto no pas\u00f3 desapercibido para&nbsp;<strong>Dalma<\/strong>, la hija mayor de Diego, y transmiti\u00f3 su agradecimiento a trav\u00e9s de las redes sociales.<\/p>\n\n\n\n<figure class=\"wp-block-image\"><img decoding=\"async\" src=\"https:\/\/media.minutouno.com\/p\/a73c9b329a93d0180f24a0d713983c1d\/adjuntos\/150\/imagenes\/040\/797\/0040797831\/610x0\/smart\/dalma-riquelme.jpg\" alt=\"\" title=\"\"\/><\/figure>\n\n\n\n<p>Dalma subi\u00f3 varias historias en su cuenta de Instagram.<\/p>\n\n\n\n<p>En la primera, public\u00f3 una imagen de Riquelme festejando la Copa Libertadores 2007 y escribi\u00f3: \u201cGracias por todo tu f\u00fatbol. Me hiciste vivir los mejores momentos siendo hincha de Boca\u201d.&nbsp;Y agreg\u00f3: \u201cOjal\u00e1 se venga la s\u00e9ptima de tu mano\u201d, en relaci\u00f3n a la chance de poder sumar un t\u00edtulo m\u00e1s en el torneo m\u00e1s relevante del f\u00fatbol sudamericano a nivel clubes.<\/p>\n\n\n\n<figure class=\"wp-block-image\"><img decoding=\"async\" src=\"https:\/\/media.minutouno.com\/p\/e26578464443a8e394d57769b76aed4c\/adjuntos\/150\/imagenes\/040\/797\/0040797833\/610x0\/smart\/dalma-riquelme.jpg\" alt=\"\" title=\"\"\/><\/figure>\n\n\n\n<p>Dalma aprovech\u00f3 adem\u00e1s para agradecerle a Riquelme el gesto de ponerse la casaca con el nombre de su padre. \u201cGracias\u201d, public\u00f3 junto a una foto de la TV. Para terminar, subi\u00f3 una foto partida en la que se puede ver a Rom\u00e1n y la ic\u00f3nica postal de Maradona durante su despedida en 2001 cuando se sac\u00f3 la camiseta de Argentina y debajo ten\u00eda una que le hab\u00eda regalado el \u00eddolo xeneize en aquella \u00e9poca.<\/p>\n\n\n\n<figure class=\"wp-block-image\"><img decoding=\"async\" src=\"https:\/\/media.minutouno.com\/p\/243cbbcff192e454fa7517e56513e3b0\/adjuntos\/150\/imagenes\/040\/797\/0040797834\/610x0\/smart\/dalma-riquelme.jpg\" alt=\"\" title=\"\"\/><\/figure>\n\n\n\n<p>Por su parte, a trav\u00e9s de la cuenta oficial de Diego Armando Maradona en Instagram, las encargadas de manejar la cuenta -sus herederos, pero principalmente Dalma y Gianinna-, tambi\u00e9n se sumaron a los agradecimientos por el homenaje. \u201cGracias por la magia\u201d, dec\u00eda una de las historias que ten\u00eda una foto de una bandera de Riquelme. En la otra, la gratitud estuvo direccionada hacia el club. \u201cGracias, Rom\u00e1n. Gracias, Boca Juniors\u201d, escribieron con la foto del 10 con la remera de Maradona en la espalda.<\/p>\n","protected":false},"excerpt":{"rendered":"<p>La hija mayor de Diego Maradona le envi\u00f3 varios mensajes a Juan Rom\u00e1n Riquelme a trav\u00e9s de sus redes sociales. El partido despedida de&nbsp;Juan Rom\u00e1n Riquelme&nbsp;tuvo varios puntos altos, la&hellip; <\/p>\n","protected":false},"author":8,"featured_media":69818,"comment_status":"closed","ping_status":"open","sticky":false,"template":"","format":"standard","meta":{"footnotes":""},"categories":[4],"tags":[],"class_list":["post-69817","post","type-post","status-publish","format-standard","has-post-thumbnail","hentry","category-deportes"],"_links":{"self":[{"href":"https:\/\/corrientesdetarde.com\/index.php\/wp-json\/wp\/v2\/posts\/69817","targetHints":{"allow":["GET"]}}],"collection":[{"href":"https:\/\/corrientesdetarde.com\/index.php\/wp-json\/wp\/v2\/posts"}],"about":[{"href":"https:\/\/corrientesdetarde.com\/index.php\/wp-json\/wp\/v2\/types\/post"}],"author":[{"embeddable":true,"href":"https:\/\/corrientesdetarde.com\/index.php\/wp-json\/wp\/v2\/users\/8"}],"replies":[{"embeddable":true,"href":"https:\/\/corrientesdetarde.com\/index.php\/wp-json\/wp\/v2\/comments?post=69817"}],"version-history":[{"count":1,"href":"https:\/\/corrientesdetarde.com\/index.php\/wp-json\/wp\/v2\/posts\/69817\/revisions"}],"predecessor-version":[{"id":69820,"href":"https:\/\/corrientesdetarde.com\/index.php\/wp-json\/wp\/v2\/posts\/69817\/revisions\/69820"}],"wp:featuredmedia":[{"embeddable":true,"href":"https:\/\/corrientesdetarde.com\/index.php\/wp-json\/wp\/v2\/media\/69818"}],"wp:attachment":[{"href":"https:\/\/corrientesdetarde.com\/index.php\/wp-json\/wp\/v2\/media?parent=69817"}],"wp:term":[{"taxonomy":"category","embeddable":true,"href":"https:\/\/corrientesdetarde.com\/index.php\/wp-json\/wp\/v2\/categories?post=69817"},{"taxonomy":"post_tag","embeddable":true,"href":"https:\/\/corrientesdetarde.com\/index.php\/wp-json\/wp\/v2\/tags?post=69817"}],"curies":[{"name":"wp","href":"https:\/\/api.w.org\/{rel}","templated":true}]}}