{"id":69821,"date":"2023-06-26T15:59:49","date_gmt":"2023-06-26T18:59:49","guid":{"rendered":"https:\/\/corrientesdetarde.com\/?p=69821"},"modified":"2023-06-26T15:59:56","modified_gmt":"2023-06-26T18:59:56","slug":"festejaron-el-dia-del-padre-en-la-feria-del-paseo-ibera-mas-de-2-000-000-recaudados","status":"publish","type":"post","link":"https:\/\/corrientesdetarde.com\/index.php\/sociales\/festejaron-el-dia-del-padre-en-la-feria-del-paseo-ibera-mas-de-2-000-000-recaudados\/","title":{"rendered":"Festejaron el D\u00eda del Padre en la Feria del Paseo Iber\u00e1: M\u00e1s de 2.000.000 recaudados"},"content":{"rendered":"\n<p>Gran convocatoria del p\u00fablico que sigue acompa\u00f1ando las Ferias del Ministerio de Desarrollo Social de la provincia a cargo de Ad\u00e1n Gaya.<\/p>\n\n\n\n<p>Este domingo en la Feria del Paseo Iber\u00e1 celebraron el d\u00eda del padre en medio de una multitud de familias que se acercaron , obteniendo un gran \u00e9xito en ventas , con m\u00e1s de 2.000.000 de pesos recaudados.<\/p>\n\n\n\n<p>Con la presencia de la Directora de Comercializaci\u00f3n del Ministerio, D\u00e9bora Galarza Alcaraz, en el Paseo Iber\u00e1, el d\u00eda Domingo 25, se llev\u00f3 a cabo diversas actividades recreativas con el fin de homenajear a los padres: concursos de bailes, de canto, entre otras cosas, en dichas actividades participaron papas del p\u00fablico y a cambio recibieron premios.<\/p>\n\n\n\n<p>Durante la jornada m\u00e1s de 200 artesanos y emprendedores gastron\u00f3micos, ofrecieron sus&nbsp;productos textiles, tejidos, ornamentaciones para el hogar, viveristas, bijouterie, talabarter\u00eda, herrer\u00eda entre otros rubros.<\/p>\n\n\n\n<p>Adem\u00e1s, el&nbsp;festejo del d\u00eda domingo 25, estuvo acompa\u00f1ado de espect\u00e1culos musicales, en esta oportunidad actuaron:<\/p>\n\n\n\n<p>* Academia de baile MG<\/p>\n\n\n\n<p>* Luna Ram\u00edrez<\/p>\n\n\n\n<p>* Los puros del chamam\u00e9<\/p>\n\n\n\n<p>* Banda agua miel.<\/p>\n\n\n\n<p>&nbsp;El S\u00e1bado la Feria del Paseo Iber\u00e1&nbsp;cont\u00f3 con artistas en el escenario como:<\/p>\n\n\n\n<p>* Claudio S\u00e1enz<\/p>\n\n\n\n<p>* Academia Ballet Litoral<\/p>\n\n\n\n<p>* \u00c1ngel Show<\/p>\n\n\n\n<p>* Banda Dej\u00e1 Vu<\/p>\n\n\n\n<p>Mientras que el domingo 25, de 15 a 20 hs en el Parque Mitre se realiz\u00f3 una Feria Americana.<\/p>\n\n\n\n<p>Asimismo, otro grupo de artesanos y emprendedores feriaron en el Parque el Eucaliptal en el B San Ger\u00f3nimo el d\u00eda domingo 25 de 15 a 21 hs, donde tambi\u00e9n participaron emprendedores del Plan Potenciar Trabajo.<\/p>\n\n\n\n<p>Emprendedores de distintas localidades se suman a las Ferias como el caso de una gastron\u00f3mica de Santa Ana quien vino a ofrecer sus productos panificados, pastelitos, facturas, pastafrolas&nbsp;para acompa\u00f1ar el mate a la tarde mientras se disfruta en familia.<\/p>\n\n\n\n<figure class=\"wp-block-image size-large\"><img loading=\"lazy\" decoding=\"async\" width=\"1024\" height=\"683\" src=\"https:\/\/corrientesdetarde.com\/wp-content\/uploads\/2023\/06\/image-689-1024x683.png\" alt=\"\" class=\"wp-image-69822\" srcset=\"https:\/\/corrientesdetarde.com\/wp-content\/uploads\/2023\/06\/image-689-1024x683.png 1024w, https:\/\/corrientesdetarde.com\/wp-content\/uploads\/2023\/06\/image-689-300x200.png 300w, https:\/\/corrientesdetarde.com\/wp-content\/uploads\/2023\/06\/image-689-768x512.png 768w, https:\/\/corrientesdetarde.com\/wp-content\/uploads\/2023\/06\/image-689-1536x1024.png 1536w, https:\/\/corrientesdetarde.com\/wp-content\/uploads\/2023\/06\/image-689.png 1599w\" sizes=\"auto, (max-width: 1024px) 100vw, 1024px\" \/><\/figure>\n\n\n\n<figure class=\"wp-block-image size-large\"><img loading=\"lazy\" decoding=\"async\" width=\"1024\" height=\"768\" src=\"https:\/\/corrientesdetarde.com\/wp-content\/uploads\/2023\/06\/image-690-1024x768.png\" alt=\"\" class=\"wp-image-69823\" srcset=\"https:\/\/corrientesdetarde.com\/wp-content\/uploads\/2023\/06\/image-690-1024x768.png 1024w, https:\/\/corrientesdetarde.com\/wp-content\/uploads\/2023\/06\/image-690-300x225.png 300w, https:\/\/corrientesdetarde.com\/wp-content\/uploads\/2023\/06\/image-690-768x576.png 768w, https:\/\/corrientesdetarde.com\/wp-content\/uploads\/2023\/06\/image-690-1536x1152.png 1536w, https:\/\/corrientesdetarde.com\/wp-content\/uploads\/2023\/06\/image-690.png 1600w\" sizes=\"auto, (max-width: 1024px) 100vw, 1024px\" \/><\/figure>\n\n\n\n<figure class=\"wp-block-image size-large\"><img loading=\"lazy\" decoding=\"async\" width=\"1024\" height=\"683\" src=\"https:\/\/corrientesdetarde.com\/wp-content\/uploads\/2023\/06\/image-691-1024x683.png\" alt=\"\" class=\"wp-image-69824\" srcset=\"https:\/\/corrientesdetarde.com\/wp-content\/uploads\/2023\/06\/image-691-1024x683.png 1024w, https:\/\/corrientesdetarde.com\/wp-content\/uploads\/2023\/06\/image-691-300x200.png 300w, https:\/\/corrientesdetarde.com\/wp-content\/uploads\/2023\/06\/image-691-768x512.png 768w, https:\/\/corrientesdetarde.com\/wp-content\/uploads\/2023\/06\/image-691-1536x1024.png 1536w, https:\/\/corrientesdetarde.com\/wp-content\/uploads\/2023\/06\/image-691.png 1599w\" sizes=\"auto, (max-width: 1024px) 100vw, 1024px\" \/><\/figure>\n","protected":false},"excerpt":{"rendered":"<p>Gran convocatoria del p\u00fablico que sigue acompa\u00f1ando las Ferias del Ministerio de Desarrollo Social de la provincia a cargo de Ad\u00e1n Gaya. Este domingo en la Feria del Paseo Iber\u00e1&hellip; <\/p>\n","protected":false},"author":8,"featured_media":69825,"comment_status":"closed","ping_status":"open","sticky":false,"template":"","format":"standard","meta":{"footnotes":""},"categories":[17],"tags":[],"class_list":["post-69821","post","type-post","status-publish","format-standard","has-post-thumbnail","hentry","category-sociales"],"_links":{"self":[{"href":"https:\/\/corrientesdetarde.com\/index.php\/wp-json\/wp\/v2\/posts\/69821","targetHints":{"allow":["GET"]}}],"collection":[{"href":"https:\/\/corrientesdetarde.com\/index.php\/wp-json\/wp\/v2\/posts"}],"about":[{"href":"https:\/\/corrientesdetarde.com\/index.php\/wp-json\/wp\/v2\/types\/post"}],"author":[{"embeddable":true,"href":"https:\/\/corrientesdetarde.com\/index.php\/wp-json\/wp\/v2\/users\/8"}],"replies":[{"embeddable":true,"href":"https:\/\/corrientesdetarde.com\/index.php\/wp-json\/wp\/v2\/comments?post=69821"}],"version-history":[{"count":1,"href":"https:\/\/corrientesdetarde.com\/index.php\/wp-json\/wp\/v2\/posts\/69821\/revisions"}],"predecessor-version":[{"id":69826,"href":"https:\/\/corrientesdetarde.com\/index.php\/wp-json\/wp\/v2\/posts\/69821\/revisions\/69826"}],"wp:featuredmedia":[{"embeddable":true,"href":"https:\/\/corrientesdetarde.com\/index.php\/wp-json\/wp\/v2\/media\/69825"}],"wp:attachment":[{"href":"https:\/\/corrientesdetarde.com\/index.php\/wp-json\/wp\/v2\/media?parent=69821"}],"wp:term":[{"taxonomy":"category","embeddable":true,"href":"https:\/\/corrientesdetarde.com\/index.php\/wp-json\/wp\/v2\/categories?post=69821"},{"taxonomy":"post_tag","embeddable":true,"href":"https:\/\/corrientesdetarde.com\/index.php\/wp-json\/wp\/v2\/tags?post=69821"}],"curies":[{"name":"wp","href":"https:\/\/api.w.org\/{rel}","templated":true}]}}