{"id":69827,"date":"2023-06-26T16:09:18","date_gmt":"2023-06-26T19:09:18","guid":{"rendered":"https:\/\/corrientesdetarde.com\/?p=69827"},"modified":"2023-06-26T16:09:40","modified_gmt":"2023-06-26T19:09:40","slug":"generosidad-y-compromiso-alberto-fernandez-destaco-el-gesto-de-scioli-de-bajar-su-candidatura-presidencial","status":"publish","type":"post","link":"https:\/\/corrientesdetarde.com\/index.php\/nacionales\/generosidad-y-compromiso-alberto-fernandez-destaco-el-gesto-de-scioli-de-bajar-su-candidatura-presidencial\/","title":{"rendered":"\u201cGenerosidad y compromiso\u201d: Alberto Fern\u00e1ndez destac\u00f3 el gesto de Scioli de bajar su candidatura presidencial"},"content":{"rendered":"\n<p>Tras la designaci\u00f3n de Sergio Massa en la f\u00f3rmula de unidad del oficialismo, el Presidente elogi\u00f3 al Embajador por aceptar dar un paso al costado en la cotienda electoral.<\/p>\n\n\n\n<p>Tras la unci\u00f3n del ministro de Econom\u00eda,\u00a0Sergio Massa, como\u00a0<strong>candidato \u00fanico<\/strong>\u00a0al Ejecutivo de Uni\u00f3n por la Patria, el presidente,\u00a0<strong>Alberto Fern\u00e1ndez,<\/strong>\u00a0elogi\u00f3 p\u00fablicamente al embajador de la Argentina en Brasil,\u00a0 Daniel Scioli, al que le bajaron la posibilidad de competir.<\/p>\n\n\n\n<p>\u201cQuiero agradecerle especialmente a mi compa\u00f1ero y amigo la<strong>&nbsp;generosidad y compromiso demostrado para deponer deseos personales y privilegiar el bien del pa\u00eds, como ha hecho siempre en su valiosa trayectoria<\/strong>\u201d, expres\u00f3 el Presidente a trav\u00e9s de sus redes sociales.<\/p>\n\n\n\n<p>El mensaje se dio en la previa del encuentro entre Alberto Fern\u00e1ndez y su par de Brasil,\u00a0<strong>Lula Da Silva<\/strong>, con quien se reunir\u00e1 esta tarde.<\/p>\n\n\n\n<figure class=\"wp-block-image\"><img decoding=\"async\" src=\"https:\/\/tn.com.ar\/resizer\/GFsmwxQqu347P8oUT-PQpJ5fIno=\/767x0\/smart\/filters:format(webp)\/cloudfront-us-east-1.images.arcpublishing.com\/artear\/WZYMAQ3VVBE5TKIZKEP56NIITI.jpg\" alt=\"\u201cDaniel hizo un extraordinario trabajo para recuperar la relaci\u00f3n que se hab\u00eda roto&quot;, dijo Alberto F. sobre Daniel Scioli  (Foto: NA).\"\/><\/figure>\n\n\n\n<p>\u201cDaniel hizo un extraordinario trabajo para recuperar la relaci\u00f3n que se hab\u00eda roto y lo contin\u00faa ahora con m\u00e1s y mejores acuerdos\u201d, a\u00f1adi\u00f3 el Presidente en referencia a la labor del embajador en territorio brasile\u00f1o.<\/p>\n\n\n\n<p>En paralelo a la actividad presidencial en Brasil, la vicepresidenta,&nbsp;<strong>Cristina Kirchner,<\/strong>&nbsp;se mostrar\u00e1 en un acto con el candidato del oficialismo al Ejecutivo,<strong>&nbsp;Sergio Massa,&nbsp;<\/strong>y el ministro del Interior,&nbsp;<strong>Eduardo \u201cWado\u201d de Pedro,&nbsp;<\/strong>tras la definici\u00f3n de postulaciones de Uni\u00f3n por la Patria, que deriv\u00f3 en la competencia del titular del Palacio de Hacienda y la baja de las aspiraciones del dirigente camporista.<\/p>\n\n\n\n<figure class=\"wp-block-image\"><img decoding=\"async\" src=\"https:\/\/tn.com.ar\/resizer\/uCF4zKgBlWrhDbZax5ravJSVFUg=\/767x0\/smart\/filters:format(webp)\/cloudfront-us-east-1.images.arcpublishing.com\/artear\/V5E4KFYAPBBSREOMUABVQDEPVA.jpeg\" alt=\"Cristina Kirchner compartir\u00e1 un acto con Sergio Massa y Wado de Pedro.\"\/><\/figure>\n\n\n\n<p>Encabezar\u00e1n en la Aeroestaci\u00f3n Militar del Aeroparque Jorge Newbery el anuncio de la recuperaci\u00f3n de un avi\u00f3n usado para los vuelos de la muerte, la aeronave de la Prefectura Skyvan PA-51 que fue utilizada en la dictadura militar.<\/p>\n\n\n\n<h2 class=\"wp-block-heading\">Kicillof confirm\u00f3 que no desdoblar\u00e1 las elecciones en la provincia de Buenos Aires<\/h2>\n\n\n\n<p>El gobernador bonaerense,\u00a0Axel Kicillof\u00a0firmar\u00e1 en las pr\u00f3ximas horas el decreto en el que se\u00a0<strong>convoca a elecciones provinciales el pr\u00f3ximo 22 de octubre\u00a0<\/strong>y as\u00ed confirmar\u00e1 que no desdobla los comicios en la provincia de Buenos Aires, seg\u00fan se pudo saber.<\/p>\n\n\n\n<p>El jefe provincial realiza la medida luego del cierre de listas en un oficialismo que tendr\u00e1 como&nbsp;<strong>f\u00f3rmula presidencial a Sergio Massa y a Agust\u00edn Rossi.&nbsp;<\/strong>Por su parte, Kicillof compartir\u00e1 f\u00f3rmula con su actual vicegobernadora,&nbsp;<strong>Ver\u00f3nica Magario<\/strong>, y en su boleta tambi\u00e9n estar\u00e1n<strong>&nbsp;Eduardo \u201cWado\u201d De Pedro y M\u00e1ximo Kirchner.<\/strong><\/p>\n\n\n\n<figure class=\"wp-block-image\"><img decoding=\"async\" src=\"https:\/\/tn.com.ar\/resizer\/r4M5lL1a2ZkqQ-G0FZZ-msXSQeQ=\/767x0\/smart\/filters:format(webp)\/cloudfront-us-east-1.images.arcpublishing.com\/artear\/UXNLI7Q2HJCBZDWMYZNMJKJ53E.JPG\" alt=\"Axel Kicillof, firmar\u00e1 en las pr\u00f3ximas horas el decreto en el que se convoca a elecciones provinciales el pr\u00f3ximo 22 de octubre. (Foto. Gobernaci\u00f3n de la provincia de Buenos Aires) \"\/><\/figure>\n\n\n\n<p>Las especulaciones sobre el desdoblamiento comenzaron cuando el gobernador bonaerense firm\u00f3 la convocatoria para las PASO en la provincia de Buenos Aires para el 13 de agosto, pero en&nbsp;<strong>ese decreto no especificaba la fecha de los comicios generales&nbsp;<\/strong>en la provincia.<\/p>\n\n\n\n<p>El gobernador<strong>&nbsp;se guard\u00f3 la posibilidad de desdoblar hasta \u00faltimo momento&nbsp;<\/strong>y esper\u00f3 a que se definiera la estrategia nacional de Uni\u00f3n por la Patria para evaluar qu\u00e9 decisi\u00f3n tomar. Con la f\u00f3rmula de unidad conseguida el viernes por la noche y la repetici\u00f3n de la f\u00f3rmula provincial, tom\u00f3 la decisi\u00f3n de no desdoblar.<\/p>\n","protected":false},"excerpt":{"rendered":"<p>Tras la designaci\u00f3n de Sergio Massa en la f\u00f3rmula de unidad del oficialismo, el Presidente elogi\u00f3 al Embajador por aceptar dar un paso al costado en la cotienda electoral. Tras&hellip; <\/p>\n","protected":false},"author":8,"featured_media":69828,"comment_status":"closed","ping_status":"open","sticky":false,"template":"","format":"standard","meta":{"footnotes":""},"categories":[10],"tags":[],"class_list":["post-69827","post","type-post","status-publish","format-standard","has-post-thumbnail","hentry","category-nacionales"],"_links":{"self":[{"href":"https:\/\/corrientesdetarde.com\/index.php\/wp-json\/wp\/v2\/posts\/69827","targetHints":{"allow":["GET"]}}],"collection":[{"href":"https:\/\/corrientesdetarde.com\/index.php\/wp-json\/wp\/v2\/posts"}],"about":[{"href":"https:\/\/corrientesdetarde.com\/index.php\/wp-json\/wp\/v2\/types\/post"}],"author":[{"embeddable":true,"href":"https:\/\/corrientesdetarde.com\/index.php\/wp-json\/wp\/v2\/users\/8"}],"replies":[{"embeddable":true,"href":"https:\/\/corrientesdetarde.com\/index.php\/wp-json\/wp\/v2\/comments?post=69827"}],"version-history":[{"count":1,"href":"https:\/\/corrientesdetarde.com\/index.php\/wp-json\/wp\/v2\/posts\/69827\/revisions"}],"predecessor-version":[{"id":69829,"href":"https:\/\/corrientesdetarde.com\/index.php\/wp-json\/wp\/v2\/posts\/69827\/revisions\/69829"}],"wp:featuredmedia":[{"embeddable":true,"href":"https:\/\/corrientesdetarde.com\/index.php\/wp-json\/wp\/v2\/media\/69828"}],"wp:attachment":[{"href":"https:\/\/corrientesdetarde.com\/index.php\/wp-json\/wp\/v2\/media?parent=69827"}],"wp:term":[{"taxonomy":"category","embeddable":true,"href":"https:\/\/corrientesdetarde.com\/index.php\/wp-json\/wp\/v2\/categories?post=69827"},{"taxonomy":"post_tag","embeddable":true,"href":"https:\/\/corrientesdetarde.com\/index.php\/wp-json\/wp\/v2\/tags?post=69827"}],"curies":[{"name":"wp","href":"https:\/\/api.w.org\/{rel}","templated":true}]}}