{"id":70234,"date":"2023-06-28T15:08:40","date_gmt":"2023-06-28T18:08:40","guid":{"rendered":"https:\/\/corrientesdetarde.com\/?p=70234"},"modified":"2023-06-28T15:08:49","modified_gmt":"2023-06-28T18:08:49","slug":"la-campora-arremete-contra-el-albertismo-y-massa-quiere-encauzar-la-campana-en-medio-del-ruido-politico","status":"publish","type":"post","link":"https:\/\/corrientesdetarde.com\/index.php\/politica\/la-campora-arremete-contra-el-albertismo-y-massa-quiere-encauzar-la-campana-en-medio-del-ruido-politico\/","title":{"rendered":"La C\u00e1mpora arremete contra el albertismo y Massa quiere encauzar la campa\u00f1a en medio del ruido pol\u00edtico"},"content":{"rendered":"\n<p>La agrupaci\u00f3n de M\u00e1ximo Kirchner mete ruido a cuatro d\u00edas de la presentaci\u00f3n de los candidatos. Mientras, Massa busca focalizarse en la negociaci\u00f3n con el FMI para dar vuelta de p\u00e1gina a las peleas intestinas.<\/p>\n\n\n\n<p>La C\u00e1mpora, la agrupaci\u00f3n de M\u00e1ximo Kirchner, se muestra irritable con el cierre de listas. Ya Cristina Kirchner dio una muestra de eso en el acto que encabez\u00f3 el lunes en la Esma. El enojo con Alberto Fern\u00e1ndez es tanto que ahora le muestran los dientes a Santiago Cafiero y Victoria Tolosa Paz, los dos albertistas en la lista de diputados de la \u201cunidad\u201d.<\/p>\n\n\n\n<p>Sergio Berni lo dijo hoy con todas las letras. \u201cCafiero le rob\u00f3 la banca a Daniel Scioli\u201d, dijo, algo que desmienten rotundamente cerca del canciller. Berni, apunt\u00f3 contra el presidente Alberto Fern\u00e1ndez y lo acus\u00f3 de \u201ctirar por la ventana\u201d a Daniel Scioli. Tambi\u00e9n critic\u00f3 a Santiago Cafiero por \u201cafanarle la banca\u201d al exgobernador bonaerense.<\/p>\n\n\n\n<p>\u201cM\u00e1s que le afan\u00f3 la banca, Scioli fue expl\u00edcito cuando habl\u00f3. Hasta la noche anterior le hab\u00edan prometido acompa\u00f1amiento total y mientras estaban negociando c\u00f3mo hacer para encontrar un lugar en una lista dejando al candidato al descubierto\u201d, se\u00f1al\u00f3 Berni.<\/p>\n\n\n\n<p>En medio de ese ruido pol\u00edtico,&nbsp;<strong>el ministro de Econom\u00eda y candidato a Presidente busca encauzar la campa\u00f1a.<\/strong><\/p>\n\n\n\n<h2 class=\"wp-block-heading\">Massa se focaliza en la negociaci\u00f3n con el FMI<\/h2>\n\n\n\n<p>Con el traje puesto de precandidato presidencial del oficialismo,\u00a0Sergio Massa negocia a contrarreloj el cierre del acuerdo con el Fondo Monetario Internacional (FMI), con el que espera dar vuelta la p\u00e1gina por el recrudecimiento de\u00a0<strong>peleas\u00a0<\/strong>en\u00a0Uni\u00f3n por la Patr\u00eda por el cierre de listas.<\/p>\n\n\n\n<p>El ministro de Econom\u00eda se siente \u201cinquieto\u201d con los enfrentamientos en el oficialismo que representa como aspirante al Ejecutivo. Entre sus desaf\u00edos est\u00e1n que el espacio<strong>\u00a0\u201cest\u00e9 ordenado\u201d\u00a0<\/strong>y que no haya feroces peleas en p\u00fablico, en alerta por el impacto que puedan tener las internas en el electorado de Uni\u00f3n por la Patria.<\/p>\n\n\n\n<p>El ministro de Econom\u00eda anticip\u00f3 que el nuevo convenio con el organismo multilateral de cr\u00e9dito para fortalecer las reservas se conocer\u00e1 \u201cen las pr\u00f3ximas horas\u201d. Se espera que el FMI&nbsp;<strong>anuncie el jueves<\/strong>&nbsp;el acuerdo t\u00e9cnico, un plan para los pr\u00f3ximos seis meses, y que el directorio lo trate en una semana.<\/p>\n\n\n\n<p>El nuevo acuerdo con el organismo liderado por\u00a0Kristalina Georgieva \u00a0es clave para engrosar las bajas reservas. El martes el Banco Central vendi\u00f3\u00a0<strong>US$123 millones<\/strong>\u00a0y en lo que va del mes acumula un saldo negativo de\u00a0<strong>US$657 millones.<\/strong><\/p>\n\n\n\n<h2 class=\"wp-block-heading\">El Gobierno posterg\u00f3 los pagos previstos al FMI y se comprometi\u00f3 a afrontarlos a fin de mes<\/h2>\n\n\n\n<p>La semana pasada el Gobierno logr\u00f3\u00a0postergar el pago\u00a0dedos vencimientos por\u00a0<strong>US$2700 millones<\/strong>\u00a0con el FMI que se comprometi\u00f3 a pagar a fin de mes.<\/p>\n\n\n\n<p>Fuentes del organismo multilateral de cr\u00e9dito le comunicaron a este medio: \u201cLas autoridades han ejercido su derecho como miembro de agrupar dos recompras (pagos de capital) con vencimiento en junio y pagarlas a fin de mes (es decir, el 30 de junio)\u201d.<\/p>\n\n\n\n<h2 class=\"wp-block-heading\">Mientras Sergio Massa avanza en las negociaciones con el FMI, escalan la tensi\u00f3n en el oficialismo<\/h2>\n\n\n\n<p>El precandidato presidencial de Uni\u00f3n por la Patria tendr\u00e1 una buena noticia para anunciar esta semana a nivel econ\u00f3mico por el acuerdo con el FMI, con el que espera ganar terreno contra el clima caliente a nivel pol\u00edtico por la escalada de peleas en la coalici\u00f3n por la que disputar\u00e1 la carrera al Ejecutivo.<\/p>\n\n\n\n<ul class=\"wp-block-list\"><li>En las \u00faltimas horas, recrudecieron las feroces peleas en el oficialismo por el armado de la boleta. El cristinismo, a trav\u00e9s de La C\u00e1mpora, reclama la\u00a0<strong>eyecci\u00f3n\u00a0<\/strong>de los precandidatos albertistas a diputados nacionales por la provincia de Buenos Aires, en medio de una escalada de tensi\u00f3n que no para de subir.<\/li><li>El jefe del PJ bonaerense,\u00a0<strong>M\u00e1ximo Kirchner,<\/strong>\u00a0presiona para sacar de la lista al canciller,\u00a0<strong>Santiago Cafiero,<\/strong>\u00a0y a la ministra de Desarrollo Social,\u00a0<strong>Victoria Tolosa Paz.<\/strong>\u00a0Ambos responden al presidente,\u00a0<strong>Alberto Fernandez,<\/strong>\u00a0y fueron parte de la \u201cmoneda de cambio\u201d para la desactivaci\u00f3n de las aspiraciones presidenciales de\u00a0<strong>Daniel Scioli.<\/strong><\/li><li>El l\u00edder de La C\u00e1mpora no quer\u00eda que Cafiero, uno de los laderos del Presidente, estuviera en la lista que encabeza, pero\u00a0dio marcha atr\u00e1s en una cumbre con intendentes en la casa del jefe de Gabinete bonaerense,\u00a0<strong>Mart\u00edn Insaurralde.<\/strong><\/li><li>En las \u00faltimas horas, las internas escalaron al m\u00e1ximo en el oficialismo. La C\u00e1mpora, como \u201cinstrumento\u201d de\u00a0Cristina Kirchner\u00a0exige las salidas de Cafiero y Tolosa Paz, que tuvo\u00a0<strong>fuertes cruces<\/strong>\u00a0con la Vicepresidenta.<\/li><li>En el sector m\u00e1s duro del kirchnerismo acusan a Cafiero de haber ejecutado una jugada &#8220;para robarle una banca a Scioli&#8221;  , y a Tolosa Paz de \u201chacerse la rebelde\u201d y de \u201cdesconocer el liderazgo\u201d de Cristina Kirchner, a la que cruz\u00f3 con fuertes cr\u00edticas.<\/li><li>Voceros del cristinismo como la senadora bonaerense,\u00a0<strong>Teresa Garc\u00eda,<\/strong>\u00a0reclamaron las salidas de Tolosa Paz y Cafiero de la lista legislativa. La dirigente K dijo que\u00a0<strong>\u201cno se merecen<\/strong>\u00a0el cargo que van a ocupar\u201d, en declaraciones a<em>\u00a0Radio Provincia.<\/em><\/li><\/ul>\n","protected":false},"excerpt":{"rendered":"<p>La agrupaci\u00f3n de M\u00e1ximo Kirchner mete ruido a cuatro d\u00edas de la presentaci\u00f3n de los candidatos. Mientras, Massa busca focalizarse en la negociaci\u00f3n con el FMI para dar vuelta de&hellip; <\/p>\n","protected":false},"author":8,"featured_media":70236,"comment_status":"closed","ping_status":"open","sticky":false,"template":"","format":"standard","meta":{"footnotes":""},"categories":[3],"tags":[],"class_list":["post-70234","post","type-post","status-publish","format-standard","has-post-thumbnail","hentry","category-politica"],"_links":{"self":[{"href":"https:\/\/corrientesdetarde.com\/index.php\/wp-json\/wp\/v2\/posts\/70234","targetHints":{"allow":["GET"]}}],"collection":[{"href":"https:\/\/corrientesdetarde.com\/index.php\/wp-json\/wp\/v2\/posts"}],"about":[{"href":"https:\/\/corrientesdetarde.com\/index.php\/wp-json\/wp\/v2\/types\/post"}],"author":[{"embeddable":true,"href":"https:\/\/corrientesdetarde.com\/index.php\/wp-json\/wp\/v2\/users\/8"}],"replies":[{"embeddable":true,"href":"https:\/\/corrientesdetarde.com\/index.php\/wp-json\/wp\/v2\/comments?post=70234"}],"version-history":[{"count":1,"href":"https:\/\/corrientesdetarde.com\/index.php\/wp-json\/wp\/v2\/posts\/70234\/revisions"}],"predecessor-version":[{"id":70237,"href":"https:\/\/corrientesdetarde.com\/index.php\/wp-json\/wp\/v2\/posts\/70234\/revisions\/70237"}],"wp:featuredmedia":[{"embeddable":true,"href":"https:\/\/corrientesdetarde.com\/index.php\/wp-json\/wp\/v2\/media\/70236"}],"wp:attachment":[{"href":"https:\/\/corrientesdetarde.com\/index.php\/wp-json\/wp\/v2\/media?parent=70234"}],"wp:term":[{"taxonomy":"category","embeddable":true,"href":"https:\/\/corrientesdetarde.com\/index.php\/wp-json\/wp\/v2\/categories?post=70234"},{"taxonomy":"post_tag","embeddable":true,"href":"https:\/\/corrientesdetarde.com\/index.php\/wp-json\/wp\/v2\/tags?post=70234"}],"curies":[{"name":"wp","href":"https:\/\/api.w.org\/{rel}","templated":true}]}}