{"id":70238,"date":"2023-06-28T15:45:09","date_gmt":"2023-06-28T18:45:09","guid":{"rendered":"https:\/\/corrientesdetarde.com\/?p=70238"},"modified":"2023-06-28T15:45:15","modified_gmt":"2023-06-28T18:45:15","slug":"tension-en-el-oficialismo-siguen-los-pases-de-facturas-y-se-profundizan-las-internas-tras-el-armado-de-listas","status":"publish","type":"post","link":"https:\/\/corrientesdetarde.com\/index.php\/politica\/tension-en-el-oficialismo-siguen-los-pases-de-facturas-y-se-profundizan-las-internas-tras-el-armado-de-listas\/","title":{"rendered":"Tensi\u00f3n en el oficialismo: siguen los pases de facturas y se profundizan las internas tras el armado de listas"},"content":{"rendered":"\n<p>A cuatro d\u00edas de la presentaci\u00f3n de candidatos, el kirchnerismo y los funcionarios cercanos a Alberto Fern\u00e1ndez mantienen los cruces. La C\u00e1mpora acusa a Cafiero y Tolosa Paz de \u201csacarle la banca\u201d a Scioli.<\/p>\n\n\n\n<p>S\u00f3lo un fin de semana dur\u00f3 la paz en el oficialismo luego de que\u00a0<strong>Sergio Massa<\/strong>\u00a0fuese ungido como el candidato presidencial de la unidad. En el primer acto de campa\u00f1a de Massa, que cont\u00f3 con la presencia y el respaldo p\u00fablico de\u00a0<strong>Cristina Kirchner la Vicepresidenta volvi\u00f3 a encender la interna cuando\u00a0<\/strong>lanz\u00f3 duras cr\u00edticas a la estrategia de ir a una PASO que sostuvo<strong>\u00a0Alberto Fern\u00e1ndez\u00a0<\/strong>hasta \u00faltimo momento.<\/p>\n\n\n\n<p>En ese marco, tambi\u00e9n fustig\u00f3 duramente a\u00a0<strong>Victoria Tolosa Paz y Santiago Cafiero<\/strong>, dos de los dirigentes m\u00e1s cercanos al Presidente y el lugar que se les otorg\u00f3 en la lista de diputados nacionales.<\/p>\n\n\n\n<p>\u201c(Alberto Fern\u00e1ndez) se embander\u00f3 hasta el viernes con ir a las PASO.&nbsp;<strong>Un d\u00eda antes del cierre de listas, ten\u00edamos a la ministra de Desarrollo Social de nuestro gobierno plante\u00e1ndole elecciones internas al gobernador de la provincia de Buenos Aires<\/strong>&nbsp;y ten\u00edamos a nuestro embajador en Brasil queriendo ser candidato a Presidente. Yo siempre cre\u00ed en ir con una lista de unidad\u201d, expres\u00f3 ese lunes la Vicepresidenta.<\/p>\n\n\n\n<p>Luego, Cristina fustig\u00f3 a la Ministra de Desarrollo Social y al exjefe de gabinete de Alberto Fern\u00e1ndez: \u201cFinalmente se resolvi\u00f3\u00a0<strong>darle dos puestos<\/strong>\u00a0de diputados: uno a la que compet\u00eda con Axel (Tolosa Paz), era\u00a0<strong>menos\u00a0<\/strong>de lo que uno pensaba, y el otro para el ahora Canciller\u201d.<\/p>\n\n\n\n<p>Horas m\u00e1s tarde, desde Lomas de Zamora, tras la presentaci\u00f3n de<strong>\u00a0Federico Oterm\u00edn<\/strong>\u00a0como precandidato a intendente en el marco de la sucesi\u00f3n de Mart\u00edn Isaurralde, el titular del PJ Bonaerense, M\u00e1ximo Kirchner\u00a0expres\u00f3 en una inhabitual declaraci\u00f3n a los medios presentes: \u201cTodos sabemos que lo que pretend\u00edamos en 2019 no sali\u00f3 del todo bien, peroa pesar de los errores y de algunas miserias pol\u00edticas,\u00a0<strong>todos los que estamos ac\u00e1 trabajamos para la unidad<\/strong>\u201d.<\/p>\n\n\n\n<p>Al d\u00eda siguiente, el martes, Tolosa Paz le envi\u00f3 un fuerte mensaje a la Vicepresidenta:&nbsp;<strong>\u201cCuando Cristina Kirchner quiere dar palitos, da palazos<\/strong>, y lo de ayer fue un palazo\u201d.<\/p>\n\n\n\n<p>La funcionaria \u201calbertista\u201d plante\u00f3 en declaraciones a<em>&nbsp;Radio 10<\/em>: \u201cNo es cierto que haga pol\u00edtica por carguitos,&nbsp;<strong>nunca especul\u00e9.&nbsp;<\/strong>No se puede negar la contundencia con la que ella tiene una<strong>&nbsp;lectura equivocada<\/strong>&nbsp;del rol de construcci\u00f3n de la unidad, que ten\u00eda que reflejar a los tres espacios aunque tenga un encono con el Presidente\u201d.<\/p>\n\n\n\n<figure class=\"wp-block-image\"><img decoding=\"async\" src=\"https:\/\/tn.com.ar\/resizer\/cNopcTl3vu3XR70XuXMr37fhddQ=\/767x0\/smart\/filters:format(webp)\/cloudfront-us-east-1.images.arcpublishing.com\/artear\/N3Q57TGDVJGTRKDC5VJBWI2XLQ.jpg\" alt=\"Sergio Massa, junto a Cristina Kirchner, durante el acto por la recuperaci\u00f3n del avi\u00f3n que se utiliz\u00f3 para los &quot;vuelos de la muerte&quot; de la ESMA. (Foto: Ministerio de Econom\u00eda).\"\/><\/figure>\n\n\n\n<p>A ella se acopl\u00f3 el canciller Cafiero.&nbsp;<strong>\u201cDar versiones sobre los cierres de listas. Me parece que eso no contribuye en nada\u201d<\/strong>, sostuvo en di\u00e1logo con&nbsp;<em>Radio Perfil.&nbsp;<\/em>Asimismo, indic\u00f3: \u201cLos debates sobre operaciones de prensa, sobre internismo. No hay tiempo para eso. Tenemos que trabajar todos juntos para conformar ese programa, que sea un programa de desarrollo con justicia social\u201d.<\/p>\n\n\n\n<p>Para cerrar, dej\u00f3 un contundente mensaje a sus compa\u00f1eros de UxP: \u201cEl peronismo es una construcci\u00f3n colectiva,<strong>&nbsp;no hay due\u00f1os y no hay quien dirige hegem\u00f3nicamente los destinos de nuestro movimiento.<\/strong>&nbsp;Nuestro movimiento es din\u00e1mico, est\u00e1 modificando su composici\u00f3n porque se va adaptando e interpretando las nuevas demandas, eso nos hace fuerte a los peronistas\u201d.<\/p>\n\n\n\n<p>En paralelo, la senadora bonaerense del kirchnerismo,&nbsp;<strong>Teresa Garc\u00eda<\/strong>, sali\u00f3 al cruce de la ministra de Desarrollo Social y del Canciller. \u201cNo se puede dejar pasar esta falta de respeto a quien conduce este proceso pol\u00edtico. Cristina no le falto el respeto a Victoria (Tolosa Paz) en el d\u00eda de ayer\u201d, sostuvo la dirigente en di\u00e1logo con&nbsp;<em>Radio 10<\/em>, quien agreg\u00f3:&nbsp;<strong>\u201cCafiero y Victoria no se merecen los cargos que tienen.<\/strong>&nbsp;En el lugar de Cafiero tendr\u00eda que haber ido Scioli y nadie le avis\u00f3\u201d.<\/p>\n\n\n\n<p>Infaltable, el ministro de Seguridad de la Naci\u00f3n, Sergio Berni, apunt\u00f3 contra el presidente Alberto Fern\u00e1ndez y lo acus\u00f3 de<strong>\u00a0\u201ctirar por la ventana\u201d a Daniel Scioli.<\/strong>\u00a0Tambi\u00e9n critic\u00f3 a Santiago Cafiero por \u201cafanarle la banca\u201d al exgobernador bonaerense.<\/p>\n\n\n\n<p>\u201cM\u00e1s que le afan\u00f3 la banca, Scioli fue expl\u00edcito cuando habl\u00f3. Hasta la noche anterior le hab\u00edan prometido acompa\u00f1amiento total y<strong>&nbsp;mientras estaban negociando c\u00f3mo hacer para encontrar un lugar en una lista dejando al candidato al descubierto<\/strong>\u201d, se\u00f1al\u00f3 Berni.<\/p>\n\n\n\n<p>Por otra parte, este mi\u00e9rcoles, el senador nacional y hombre estrechamente cercano a la Vicepresidenta,\u00a0<strong>Oscar Parrilli<\/strong>, hizo fuertes advertencias al ministro de Econom\u00eda y precandidato presidencial del oficialismo<strong>,\u00a0Sergio Massa:<\/strong>\u00a0\u201cCuando veamos cosas que nos gustan del todo, que nos parecen\u00a0<strong>equivocadas,<\/strong>\u00a0se lo vamos a\u00a0<strong>hacer saber,<\/strong>\u00a0como corresponde\u201d.<\/p>\n\n\n\n<h2 class=\"wp-block-heading\">Qui\u00e9nes son los conciliadores en la interna de Uni\u00f3n por la Patria<\/h2>\n\n\n\n<p>Opacado por la figura de\u00a0Massa el presidente,\u00a0<strong>Alberto Fern\u00e1ndez<\/strong>, se mostr\u00f3 lejos y con un bajo perfil de lo que fueron los d\u00edas posteriores al cierre de listas. Sin embargo, antes de tomar la palabra en el cierre de la Convenci\u00f3n Anual de la Camarco que se celebr\u00f3 el martes, el Presidente salud\u00f3 al ministro de Econom\u00eda y brind\u00f3 un gui\u00f1o al precandidato presidencial.<\/p>\n\n\n\n<p>\u201cSergio quer\u00eda quedarse a escucharme, pero tiene que irse a resolver el tema del FMI. Le dije<strong>&nbsp;\u2018and\u00e1 que es m\u00e1s importante que esto\u2019.<\/strong>&nbsp;Lo importante es que ahora<strong>&nbsp;van a escuchar la opini\u00f3n del presidente de los argentinos y hace un ratito escucharon al futuro presidente\u201d,<\/strong>&nbsp;dijo Fern\u00e1ndez.<\/p>\n\n\n\n<p>Un gesto similar tuvo el gobernador de la provincia de Buenos Aires, Axel Kiccillof quien destac\u00f3 que la precandidatura a presidente por Uni\u00f3n por la Patria (UxP) de Sergio Massa es el resultado de una propuesta de\u00a0<strong>\u201cunidad que se construy\u00f3 con todos los sectores\u201d.<\/strong><\/p>\n\n\n\n<p>En esa l\u00ednea, sostuvo: \u201cHubo elementos que tuvieron que ver con la construcci\u00f3n, con armar una estrategia electoral, en un marco de comprensi\u00f3n de contexto.<strong>&nbsp;Sergio Massa es el candidato a presidente de esa unidad que se construy\u00f3 con todos los sectores\u201d.<\/strong><\/p>\n\n\n\n<p>Kicillof, a su vez, agreg\u00f3 que&nbsp;<strong>Cristina Kirchner<\/strong>&nbsp;<strong>\u201cplante\u00f3&nbsp;<\/strong>muy bien que hay un contexto econ\u00f3mico hist\u00f3rico, un capital cada vez m\u00e1s concentrado y marc\u00f3 claramente que en ese contexto tan grave<strong>&nbsp;era fundamental conservar la unidad\u201d.<\/strong><\/p>\n","protected":false},"excerpt":{"rendered":"<p>A cuatro d\u00edas de la presentaci\u00f3n de candidatos, el kirchnerismo y los funcionarios cercanos a Alberto Fern\u00e1ndez mantienen los cruces. La C\u00e1mpora acusa a Cafiero y Tolosa Paz de \u201csacarle&hellip; <\/p>\n","protected":false},"author":8,"featured_media":70241,"comment_status":"closed","ping_status":"open","sticky":false,"template":"","format":"standard","meta":{"footnotes":""},"categories":[3],"tags":[],"class_list":["post-70238","post","type-post","status-publish","format-standard","has-post-thumbnail","hentry","category-politica"],"_links":{"self":[{"href":"https:\/\/corrientesdetarde.com\/index.php\/wp-json\/wp\/v2\/posts\/70238","targetHints":{"allow":["GET"]}}],"collection":[{"href":"https:\/\/corrientesdetarde.com\/index.php\/wp-json\/wp\/v2\/posts"}],"about":[{"href":"https:\/\/corrientesdetarde.com\/index.php\/wp-json\/wp\/v2\/types\/post"}],"author":[{"embeddable":true,"href":"https:\/\/corrientesdetarde.com\/index.php\/wp-json\/wp\/v2\/users\/8"}],"replies":[{"embeddable":true,"href":"https:\/\/corrientesdetarde.com\/index.php\/wp-json\/wp\/v2\/comments?post=70238"}],"version-history":[{"count":1,"href":"https:\/\/corrientesdetarde.com\/index.php\/wp-json\/wp\/v2\/posts\/70238\/revisions"}],"predecessor-version":[{"id":70243,"href":"https:\/\/corrientesdetarde.com\/index.php\/wp-json\/wp\/v2\/posts\/70238\/revisions\/70243"}],"wp:featuredmedia":[{"embeddable":true,"href":"https:\/\/corrientesdetarde.com\/index.php\/wp-json\/wp\/v2\/media\/70241"}],"wp:attachment":[{"href":"https:\/\/corrientesdetarde.com\/index.php\/wp-json\/wp\/v2\/media?parent=70238"}],"wp:term":[{"taxonomy":"category","embeddable":true,"href":"https:\/\/corrientesdetarde.com\/index.php\/wp-json\/wp\/v2\/categories?post=70238"},{"taxonomy":"post_tag","embeddable":true,"href":"https:\/\/corrientesdetarde.com\/index.php\/wp-json\/wp\/v2\/tags?post=70238"}],"curies":[{"name":"wp","href":"https:\/\/api.w.org\/{rel}","templated":true}]}}