{"id":70825,"date":"2023-07-01T10:01:01","date_gmt":"2023-07-01T13:01:01","guid":{"rendered":"https:\/\/corrientesdetarde.com\/?p=70825"},"modified":"2023-07-01T10:01:04","modified_gmt":"2023-07-01T13:01:04","slug":"corrientes-joven-de-20-anos-fue-asesinado-a-punaladas","status":"publish","type":"post","link":"https:\/\/corrientesdetarde.com\/index.php\/policiales\/corrientes-joven-de-20-anos-fue-asesinado-a-punaladas\/","title":{"rendered":"Corrientes: joven de 20 a\u00f1os fue asesinado a pu\u00f1aladas"},"content":{"rendered":"\n<p>El hecho fatal ocurri\u00f3 durante una pelea entre dos j\u00f3venes.\u00a0<\/p>\n\n\n\n<p>Una persona muri\u00f3 luego de ser apu\u00f1alada en una confusa situaci\u00f3n que termin\u00f3 en la fatal pelea. Ocurri\u00f3 en barrio Mataderos de la ciudad de Mercedes, por calle Hermana Trina, en horas de la madrugada de este s\u00e1bado.&nbsp;<\/p>\n\n\n\n<p>La v\u00edctima de 20 a\u00f1os es de apellido Santana quien fue atacado y herido de muerte por otro joven de apellido Mi\u00f1o domiciliado en barrio Noroeste.<br><br>&nbsp;Mi\u00f1o estaba trabajando en Buenos Aires hace bastante tiempo y al regresar de manera sorpresiva a la ciudad y al llegar al domicilio de su ex pareja con la que tienen dos hijos se encontr\u00f3 con Santana produci\u00e9ndose el desenlace fatal.<\/p>\n\n\n\n<p>El joven apu\u00f1alado fue ingresado al hospital sin signo vitales<\/p>\n\n\n\n<p>El cuerpo ser\u00e1 trasladado a la capital correntina para la correspondiente autopsia.<\/p>\n","protected":false},"excerpt":{"rendered":"<p>El hecho fatal ocurri\u00f3 durante una pelea entre dos j\u00f3venes.\u00a0 Una persona muri\u00f3 luego de ser apu\u00f1alada en una confusa situaci\u00f3n que termin\u00f3 en la fatal pelea. Ocurri\u00f3 en barrio&hellip; <\/p>\n","protected":false},"author":3,"featured_media":70826,"comment_status":"closed","ping_status":"open","sticky":false,"template":"","format":"standard","meta":{"footnotes":""},"categories":[33],"tags":[],"class_list":["post-70825","post","type-post","status-publish","format-standard","has-post-thumbnail","hentry","category-policiales"],"_links":{"self":[{"href":"https:\/\/corrientesdetarde.com\/index.php\/wp-json\/wp\/v2\/posts\/70825","targetHints":{"allow":["GET"]}}],"collection":[{"href":"https:\/\/corrientesdetarde.com\/index.php\/wp-json\/wp\/v2\/posts"}],"about":[{"href":"https:\/\/corrientesdetarde.com\/index.php\/wp-json\/wp\/v2\/types\/post"}],"author":[{"embeddable":true,"href":"https:\/\/corrientesdetarde.com\/index.php\/wp-json\/wp\/v2\/users\/3"}],"replies":[{"embeddable":true,"href":"https:\/\/corrientesdetarde.com\/index.php\/wp-json\/wp\/v2\/comments?post=70825"}],"version-history":[{"count":1,"href":"https:\/\/corrientesdetarde.com\/index.php\/wp-json\/wp\/v2\/posts\/70825\/revisions"}],"predecessor-version":[{"id":70827,"href":"https:\/\/corrientesdetarde.com\/index.php\/wp-json\/wp\/v2\/posts\/70825\/revisions\/70827"}],"wp:featuredmedia":[{"embeddable":true,"href":"https:\/\/corrientesdetarde.com\/index.php\/wp-json\/wp\/v2\/media\/70826"}],"wp:attachment":[{"href":"https:\/\/corrientesdetarde.com\/index.php\/wp-json\/wp\/v2\/media?parent=70825"}],"wp:term":[{"taxonomy":"category","embeddable":true,"href":"https:\/\/corrientesdetarde.com\/index.php\/wp-json\/wp\/v2\/categories?post=70825"},{"taxonomy":"post_tag","embeddable":true,"href":"https:\/\/corrientesdetarde.com\/index.php\/wp-json\/wp\/v2\/tags?post=70825"}],"curies":[{"name":"wp","href":"https:\/\/api.w.org\/{rel}","templated":true}]}}