{"id":70828,"date":"2023-07-01T10:02:16","date_gmt":"2023-07-01T13:02:16","guid":{"rendered":"https:\/\/corrientesdetarde.com\/?p=70828"},"modified":"2023-07-01T10:02:20","modified_gmt":"2023-07-01T13:02:20","slug":"julio-llega-con-altas-temperaturas","status":"publish","type":"post","link":"https:\/\/corrientesdetarde.com\/index.php\/clima\/julio-llega-con-altas-temperaturas\/","title":{"rendered":"Julio llega con altas temperaturas"},"content":{"rendered":"\n<p>A pesar de atravesar ya diez d\u00edas de la estaci\u00f3n m\u00e1s fr\u00eda del a\u00f1o, el invierno se hace desear en Capital. Es que Corrientes abrir\u00e1 el segundo semestre de 2023 con temperaturas primaverales.<\/p>\n\n\n\n<p>Julio nos traer\u00e1 con su llegada altas temperaturas, ya que el mes comenzar\u00e1 hoy con 28 grados, en horas de la siesta. El pron\u00f3stico indica que para la jornada del s\u00e1bado, el cielo estar\u00e1 parcialmente nublado, con un ambiente de templado a c\u00e1lido. La temperatura m\u00ednima rondar\u00e1 las 16\u00baC y la m\u00e1xima podr\u00eda alcanzar los 28\u00baC. Los vientos ser\u00e1n del este-noreste. Buen tiempo en gran parte de la regi\u00f3n.<\/p>\n\n\n\n<p>El domingo contin\u00faa el buen tiempo, con temperaturas que ir\u00e1n yendo en ascenso, con una m\u00e1xima de 29\u00baC y una m\u00ednima de 18\u00baC. En tanto que el primer d\u00eda h\u00e1bil del s\u00e9ptimo mes la temperatura trepar\u00e1 a los veraniegos 30\u00baC, habr\u00e1 clima soleado para el lunes.<\/p>\n\n\n\n<p>Por otro lado, para el martes 4, la temperatura no variar\u00e1 con respecto a los d\u00edas anteriores, pero con un cielo mayormente nublado y sin la posibilidad de lluvias o chaparrones en Capital.<\/p>\n\n\n\n<p>Similar ser\u00e1 la jornada del mi\u00e9rcoles 5, con un clima mayormente nublado y con t\u00e9rmicas que llegar\u00e1n a los 30\u00baC. Lo mismo para el jueves, que iniciar\u00e1 con un leve descenso de temperatura pero con m\u00ednimas de 18\u00baC y m\u00e1ximas de 28 grados.<\/p>\n\n\n\n<p>Completaremos la semana h\u00e1bil con un viernes que no cambiar\u00e1 mucho en lo que ofrecer\u00e1 en materia clim\u00e1tica la primera semana de julio, con temperaturas similares al jueves.<\/p>\n\n\n\n<p>Es un julio que llegar\u00e1 con clima primaveral y, aparentemente, no veremos muchos d\u00edas realmente fr\u00edos.<\/p>\n","protected":false},"excerpt":{"rendered":"<p>A pesar de atravesar ya diez d\u00edas de la estaci\u00f3n m\u00e1s fr\u00eda del a\u00f1o, el invierno se hace desear en Capital. Es que Corrientes abrir\u00e1 el segundo semestre de 2023&hellip; <\/p>\n","protected":false},"author":3,"featured_media":70829,"comment_status":"closed","ping_status":"open","sticky":false,"template":"","format":"standard","meta":{"footnotes":""},"categories":[29],"tags":[],"class_list":["post-70828","post","type-post","status-publish","format-standard","has-post-thumbnail","hentry","category-clima"],"_links":{"self":[{"href":"https:\/\/corrientesdetarde.com\/index.php\/wp-json\/wp\/v2\/posts\/70828","targetHints":{"allow":["GET"]}}],"collection":[{"href":"https:\/\/corrientesdetarde.com\/index.php\/wp-json\/wp\/v2\/posts"}],"about":[{"href":"https:\/\/corrientesdetarde.com\/index.php\/wp-json\/wp\/v2\/types\/post"}],"author":[{"embeddable":true,"href":"https:\/\/corrientesdetarde.com\/index.php\/wp-json\/wp\/v2\/users\/3"}],"replies":[{"embeddable":true,"href":"https:\/\/corrientesdetarde.com\/index.php\/wp-json\/wp\/v2\/comments?post=70828"}],"version-history":[{"count":1,"href":"https:\/\/corrientesdetarde.com\/index.php\/wp-json\/wp\/v2\/posts\/70828\/revisions"}],"predecessor-version":[{"id":70830,"href":"https:\/\/corrientesdetarde.com\/index.php\/wp-json\/wp\/v2\/posts\/70828\/revisions\/70830"}],"wp:featuredmedia":[{"embeddable":true,"href":"https:\/\/corrientesdetarde.com\/index.php\/wp-json\/wp\/v2\/media\/70829"}],"wp:attachment":[{"href":"https:\/\/corrientesdetarde.com\/index.php\/wp-json\/wp\/v2\/media?parent=70828"}],"wp:term":[{"taxonomy":"category","embeddable":true,"href":"https:\/\/corrientesdetarde.com\/index.php\/wp-json\/wp\/v2\/categories?post=70828"},{"taxonomy":"post_tag","embeddable":true,"href":"https:\/\/corrientesdetarde.com\/index.php\/wp-json\/wp\/v2\/tags?post=70828"}],"curies":[{"name":"wp","href":"https:\/\/api.w.org\/{rel}","templated":true}]}}