{"id":70831,"date":"2023-07-01T10:03:00","date_gmt":"2023-07-01T13:03:00","guid":{"rendered":"https:\/\/corrientesdetarde.com\/?p=70831"},"modified":"2023-07-01T10:03:01","modified_gmt":"2023-07-01T13:03:01","slug":"pacayut-el-peronismo-ortodoxo-no-cumplio-con-los-requisitos","status":"publish","type":"post","link":"https:\/\/corrientesdetarde.com\/index.php\/politica\/pacayut-el-peronismo-ortodoxo-no-cumplio-con-los-requisitos\/","title":{"rendered":"Pacayut: &#8220;El Peronismo Ortodoxo no cumpli\u00f3 con los requisitos&#8221;"},"content":{"rendered":"\n<p>El dirigente del PJ F\u00e9lix Pacayut le respondi\u00f3 a Jorge B\u00e1ez, de la l\u00ednea del Peronismo Ortodoxo, luego de que no lo habilitaran para competir en las elecciones PASO.<\/p>\n\n\n\n<p>&#8220;En esto no tiene nada que ver el PJ sino la Junta Electoral que rechaz\u00f3 la presentaci\u00f3n de dos listas y media&#8221;, dijo.<\/p>\n\n\n\n<p>Adem\u00e1s, &#8220;esta es una lista que no present\u00f3 requisitos fundamentales, como completar con la cantidad de avales, porque debe tener el 2% de la totalidad de los partidos que integran la alianza. Despu\u00e9s hay requisitos legales, uno de ellos es la inscripci\u00f3n de los candidatos, eso no hizo su lista&#8221;.<\/p>\n","protected":false},"excerpt":{"rendered":"<p>El dirigente del PJ F\u00e9lix Pacayut le respondi\u00f3 a Jorge B\u00e1ez, de la l\u00ednea del Peronismo Ortodoxo, luego de que no lo habilitaran para competir en las elecciones PASO. &#8220;En&hellip; <\/p>\n","protected":false},"author":3,"featured_media":70832,"comment_status":"closed","ping_status":"open","sticky":false,"template":"","format":"standard","meta":{"footnotes":""},"categories":[3],"tags":[],"class_list":["post-70831","post","type-post","status-publish","format-standard","has-post-thumbnail","hentry","category-politica"],"_links":{"self":[{"href":"https:\/\/corrientesdetarde.com\/index.php\/wp-json\/wp\/v2\/posts\/70831","targetHints":{"allow":["GET"]}}],"collection":[{"href":"https:\/\/corrientesdetarde.com\/index.php\/wp-json\/wp\/v2\/posts"}],"about":[{"href":"https:\/\/corrientesdetarde.com\/index.php\/wp-json\/wp\/v2\/types\/post"}],"author":[{"embeddable":true,"href":"https:\/\/corrientesdetarde.com\/index.php\/wp-json\/wp\/v2\/users\/3"}],"replies":[{"embeddable":true,"href":"https:\/\/corrientesdetarde.com\/index.php\/wp-json\/wp\/v2\/comments?post=70831"}],"version-history":[{"count":1,"href":"https:\/\/corrientesdetarde.com\/index.php\/wp-json\/wp\/v2\/posts\/70831\/revisions"}],"predecessor-version":[{"id":70833,"href":"https:\/\/corrientesdetarde.com\/index.php\/wp-json\/wp\/v2\/posts\/70831\/revisions\/70833"}],"wp:featuredmedia":[{"embeddable":true,"href":"https:\/\/corrientesdetarde.com\/index.php\/wp-json\/wp\/v2\/media\/70832"}],"wp:attachment":[{"href":"https:\/\/corrientesdetarde.com\/index.php\/wp-json\/wp\/v2\/media?parent=70831"}],"wp:term":[{"taxonomy":"category","embeddable":true,"href":"https:\/\/corrientesdetarde.com\/index.php\/wp-json\/wp\/v2\/categories?post=70831"},{"taxonomy":"post_tag","embeddable":true,"href":"https:\/\/corrientesdetarde.com\/index.php\/wp-json\/wp\/v2\/tags?post=70831"}],"curies":[{"name":"wp","href":"https:\/\/api.w.org\/{rel}","templated":true}]}}