{"id":70834,"date":"2023-07-01T10:03:50","date_gmt":"2023-07-01T13:03:50","guid":{"rendered":"https:\/\/corrientesdetarde.com\/?p=70834"},"modified":"2023-07-01T10:04:11","modified_gmt":"2023-07-01T13:04:11","slug":"sustrajo-una-motocicleta-de-la-vereda-de-un-instituto-educativo","status":"publish","type":"post","link":"https:\/\/corrientesdetarde.com\/index.php\/policiales\/sustrajo-una-motocicleta-de-la-vereda-de-un-instituto-educativo\/","title":{"rendered":"Sustrajo una motocicleta de la vereda de un instituto educativo"},"content":{"rendered":"\n<p>Un hombre cometi\u00f3 el delito en apenas un minuto frente a c\u00e1mara de seguridad. La moto tiene pocos meses de uso.<\/p>\n\n\n\n<p>Un delincuente con el rostro parcialmente cubierto con una gorra y una capucha cometi\u00f3 la sustracci\u00f3n de una motocicleta estacionada en la vereda de un instituto educativo, en el centro de la capital correntina.<\/p>\n\n\n\n<p>La secuencia del il\u00edcito qued\u00f3 registrada mediante una c\u00e1mara de seguridad del propio establecimiento.<\/p>\n\n\n\n<p>El veh\u00edculo robado tiene unos pocos meses de uso. Se trata de una Mondial 110, patente A182WNT, modelo 2023, seg\u00fan denunci\u00f3 la persona propietaria.<\/p>\n\n\n\n<p>De acuerdo a la informaci\u00f3n brindada desde la Polic\u00eda, el hecho delictivo se produjo el jueves exactamente a las 15:54 en calle Santa Fe al 500, entre Fray Jos\u00e9 de la Quintana y 25 de Mayo del barrio La Rosada.<\/p>\n\n\n\n<figure class=\"wp-block-image\"><img decoding=\"async\" src=\"https:\/\/www.diarioepoca.com\/content\/bucket\/3\/1305393w380h409c.jpg.webp\" alt=\"\"\/><figcaption>LLEG\u00d3 Y CON LA MIRADA &#8220;MARC\u00d3&#8221; LA MOTO A SUSTRAER.<\/figcaption><\/figure>\n\n\n\n<p>Un minuto antes, a las 15:53, en escena apareci\u00f3 un hombre caminando desde la esquina, por Quintana.<\/p>\n\n\n\n<p>Con total decisi\u00f3n lleg\u00f3 hasta la vereda del instituto, toc\u00f3 la motocicleta e incluso se sent\u00f3 sobre ella mientras manipulaba el manubrio.<\/p>\n\n\n\n<p>En esos primeros segundos decidi\u00f3 alejarse unos pasos mientras observaba a su alrededor.<\/p>\n\n\n\n<p>Despu\u00e9s, al minuto siguiente no tuvo demasiado inconveniente en girar la moto y escapar con ella.<\/p>\n\n\n\n<p>Automovilistas y una mujer caminando pasaron al lado del delincuente mientras comet\u00eda el robo.<\/p>\n\n\n\n<p>Aparentemente, el rodado no contaba con un dispositivo de seguridad adicional, como ser una cadena o candado.<\/p>\n\n\n\n<p>Despu\u00e9s de no encontrar la motocicleta donde la hab\u00eda estacionado, su propietario observ\u00f3 en la grabaci\u00f3n de la c\u00e1mara de seguridad todo lo que hab\u00eda pasado, mientras estaba en el interior del edificio.<\/p>\n\n\n\n<p>La denuncia correspondiente qued\u00f3 asentada en la comisar\u00eda seccional Cuarta.<\/p>\n\n\n\n<p>Hasta anoche continuaba la b\u00fasqueda del moto veh\u00edculo.<\/p>\n","protected":false},"excerpt":{"rendered":"<p>Un hombre cometi\u00f3 el delito en apenas un minuto frente a c\u00e1mara de seguridad. La moto tiene pocos meses de uso. Un delincuente con el rostro parcialmente cubierto con una&hellip; <\/p>\n","protected":false},"author":3,"featured_media":70835,"comment_status":"closed","ping_status":"open","sticky":false,"template":"","format":"standard","meta":{"footnotes":""},"categories":[33],"tags":[],"class_list":["post-70834","post","type-post","status-publish","format-standard","has-post-thumbnail","hentry","category-policiales"],"_links":{"self":[{"href":"https:\/\/corrientesdetarde.com\/index.php\/wp-json\/wp\/v2\/posts\/70834","targetHints":{"allow":["GET"]}}],"collection":[{"href":"https:\/\/corrientesdetarde.com\/index.php\/wp-json\/wp\/v2\/posts"}],"about":[{"href":"https:\/\/corrientesdetarde.com\/index.php\/wp-json\/wp\/v2\/types\/post"}],"author":[{"embeddable":true,"href":"https:\/\/corrientesdetarde.com\/index.php\/wp-json\/wp\/v2\/users\/3"}],"replies":[{"embeddable":true,"href":"https:\/\/corrientesdetarde.com\/index.php\/wp-json\/wp\/v2\/comments?post=70834"}],"version-history":[{"count":1,"href":"https:\/\/corrientesdetarde.com\/index.php\/wp-json\/wp\/v2\/posts\/70834\/revisions"}],"predecessor-version":[{"id":70836,"href":"https:\/\/corrientesdetarde.com\/index.php\/wp-json\/wp\/v2\/posts\/70834\/revisions\/70836"}],"wp:featuredmedia":[{"embeddable":true,"href":"https:\/\/corrientesdetarde.com\/index.php\/wp-json\/wp\/v2\/media\/70835"}],"wp:attachment":[{"href":"https:\/\/corrientesdetarde.com\/index.php\/wp-json\/wp\/v2\/media?parent=70834"}],"wp:term":[{"taxonomy":"category","embeddable":true,"href":"https:\/\/corrientesdetarde.com\/index.php\/wp-json\/wp\/v2\/categories?post=70834"},{"taxonomy":"post_tag","embeddable":true,"href":"https:\/\/corrientesdetarde.com\/index.php\/wp-json\/wp\/v2\/tags?post=70834"}],"curies":[{"name":"wp","href":"https:\/\/api.w.org\/{rel}","templated":true}]}}