{"id":70837,"date":"2023-07-01T10:04:52","date_gmt":"2023-07-01T13:04:52","guid":{"rendered":"https:\/\/corrientesdetarde.com\/?p=70837"},"modified":"2023-07-01T10:04:53","modified_gmt":"2023-07-01T13:04:53","slug":"el-tekove-estara-en-concepcion-y-el-barrio-san-geronimo","status":"publish","type":"post","link":"https:\/\/corrientesdetarde.com\/index.php\/informacion-general\/el-tekove-estara-en-concepcion-y-el-barrio-san-geronimo\/","title":{"rendered":"El Tekov\u00e9 estar\u00e1 en Concepci\u00f3n y el barrio San Ger\u00f3nimo"},"content":{"rendered":"\n<p>Una de las propuestas populares m\u00e1s importantes de la provincia, que se mantiene con el pasar de los a\u00f1os, es el ya tradicional Tekov\u00e9 Pot\u00ed, organizado por el Gobierno de Corrientes.<\/p>\n\n\n\n<p>En esta oportunidad, para este fin de semana, el evento de &#8220;vida pura&#8221; se centrar\u00e1 en dos lugares, uno de ellos en el interior. Hoy, en Concepci\u00f3n del Yaguaret\u00e9 Por\u00e1, desde las 15, desfilar\u00e1n una grilla de importantes artistas y bandas de diferentes estilos musicales, para que la familia disfrute de una jornada agradable en la localidad distante a 200 kil\u00f3metros de Capital. Como siempre, habr\u00e1n premios y muchas sorpresas para los presentes.<\/p>\n\n\n\n<p>En tanto, que para la jornada del domingo, la fiesta del Tekov\u00e9 se trasladar\u00e1 al barrio San Ger\u00f3nimo de nuestra Capital, m\u00e1s precisamente en la plaza Pruyas -ubicada en las calles Laprida y Gallardo-. All\u00ed tambi\u00e9n desfilar\u00e1n bandas de chamam\u00e9 y tropicales para que los vecinos de la populosa barriada disfruten de un domingo con sorteos y sorpresas a partir de las 14.<\/p>\n\n\n\n<p>En el mismo lugar de la ciudad Capital, se llevar\u00e1 adelante, a la misma hora, el Teko F\u00fatbol. En esta oportunidad, se disputar\u00e1n torneos de Sub-8, Sub-10, Sub-12 y Sub-14. Los interesados en participar se deben comunicar al 3795-199886.<\/p>\n","protected":false},"excerpt":{"rendered":"<p>Una de las propuestas populares m\u00e1s importantes de la provincia, que se mantiene con el pasar de los a\u00f1os, es el ya tradicional Tekov\u00e9 Pot\u00ed, organizado por el Gobierno de&hellip; <\/p>\n","protected":false},"author":3,"featured_media":70838,"comment_status":"closed","ping_status":"open","sticky":false,"template":"","format":"standard","meta":{"footnotes":""},"categories":[1],"tags":[],"class_list":["post-70837","post","type-post","status-publish","format-standard","has-post-thumbnail","hentry","category-informacion-general"],"_links":{"self":[{"href":"https:\/\/corrientesdetarde.com\/index.php\/wp-json\/wp\/v2\/posts\/70837","targetHints":{"allow":["GET"]}}],"collection":[{"href":"https:\/\/corrientesdetarde.com\/index.php\/wp-json\/wp\/v2\/posts"}],"about":[{"href":"https:\/\/corrientesdetarde.com\/index.php\/wp-json\/wp\/v2\/types\/post"}],"author":[{"embeddable":true,"href":"https:\/\/corrientesdetarde.com\/index.php\/wp-json\/wp\/v2\/users\/3"}],"replies":[{"embeddable":true,"href":"https:\/\/corrientesdetarde.com\/index.php\/wp-json\/wp\/v2\/comments?post=70837"}],"version-history":[{"count":1,"href":"https:\/\/corrientesdetarde.com\/index.php\/wp-json\/wp\/v2\/posts\/70837\/revisions"}],"predecessor-version":[{"id":70839,"href":"https:\/\/corrientesdetarde.com\/index.php\/wp-json\/wp\/v2\/posts\/70837\/revisions\/70839"}],"wp:featuredmedia":[{"embeddable":true,"href":"https:\/\/corrientesdetarde.com\/index.php\/wp-json\/wp\/v2\/media\/70838"}],"wp:attachment":[{"href":"https:\/\/corrientesdetarde.com\/index.php\/wp-json\/wp\/v2\/media?parent=70837"}],"wp:term":[{"taxonomy":"category","embeddable":true,"href":"https:\/\/corrientesdetarde.com\/index.php\/wp-json\/wp\/v2\/categories?post=70837"},{"taxonomy":"post_tag","embeddable":true,"href":"https:\/\/corrientesdetarde.com\/index.php\/wp-json\/wp\/v2\/tags?post=70837"}],"curies":[{"name":"wp","href":"https:\/\/api.w.org\/{rel}","templated":true}]}}