{"id":70840,"date":"2023-07-01T10:05:38","date_gmt":"2023-07-01T13:05:38","guid":{"rendered":"https:\/\/corrientesdetarde.com\/?p=70840"},"modified":"2023-07-01T10:05:41","modified_gmt":"2023-07-01T13:05:41","slug":"fin-de-semana-en-la-ciudad-con-musica-para-todos-los-gustos","status":"publish","type":"post","link":"https:\/\/corrientesdetarde.com\/index.php\/sociales\/fin-de-semana-en-la-ciudad-con-musica-para-todos-los-gustos\/","title":{"rendered":"Fin de semana en la ciudad con m\u00fasica para todos los gustos"},"content":{"rendered":"\n<p>Una vez m\u00e1s, la Municipalidad de Corrientes pone a disposici\u00f3n una serie de actividades gratuitas para disfrutar en familia y con amigos. Habr\u00e1 ferias de artesanos, Ciudad Dise\u00f1o, pe\u00f1as chamameceras, m\u00fasica tropical y el Muni Sunset.<\/p>\n\n\n\n<p>Como cada fin de semana, la Municipalidad capitalina pone a disposici\u00f3n una serie de eventos gratuitos para todas las edades. Este s\u00e1bado y domingo, en distintos puntos de la ciudad, habr\u00e1 ferias de artesanos, m\u00fasica chamamecera, tropical y electr\u00f3nica, al igual que una capacitaci\u00f3n en deportes, gastronom\u00eda y dise\u00f1os exclusivos hechos por manos correntinas.<\/p>\n\n\n\n<p>La Feria de Artesanos se trasladar\u00e1 a la avenida Costanera Sur y calle Heras, de 9 a 22. En el lugar se pueden encontrar objetos totalmente artesanales para obsequiar o regalarse, adem\u00e1s de plantas, juguetes, productos para ornamentar el hogar y muchas propuestas m\u00e1s.<\/p>\n\n\n\n<p>Como es habitual, la Pe\u00f1a del Arte se realizar\u00e1 hoy, en el Paseo Universitario del parque Mitre, a partir de las 16. En esta ocasi\u00f3n actuar\u00e1n: Mbokaja, Sandra Zanone, Alexander Fern\u00e1ndez, Anike Nderesaray, \u00eddolos Tarragoceros y como invitado estar\u00e1 Gusty Romero. Tambi\u00e9n est\u00e1 previsto un tributo a la movida tropical y los asistentes podr\u00e1n disfrutar de un paseo de artesanos y gastronom\u00eda local.<\/p>\n\n\n\n<p>Tambi\u00e9n, durante hoy y ma\u00f1ana, se realizar\u00e1 en el CEF N\u00b017 (Jos\u00e9 Mar\u00eda Rol\u00f3n 2195) el &#8220;Torneo Provincial de Atletismo&#8221;, de 9 a 13. En la oportunidad, m\u00e1s de 300 atletas de diferentes puntos de la provincia se har\u00e1n presente.<\/p>\n\n\n\n<p>Otra de las actividades para este s\u00e1bado es el II Encuentro de Profesores de Educaci\u00f3n F\u00edsica, que se realizar\u00e1 de 8 a 17:30, en el gimnasio \u00d3ptimo (Jun\u00edn 2180). En el lugar, brindar\u00e1n una capacitaci\u00f3n para profesionales de Educaci\u00f3n F\u00edsica y Atletas a cargo de Federico Sena.<\/p>\n\n\n\n<p>Ma\u00f1ana, nuevamente, desembarcar\u00e1 en la rotonda Espa\u00f1a, ubicada en avenida Pujol, entre Roca y Pellegrini, la tradicional Pe\u00f1a de la Ciudad. A partir de las 18, actuar\u00e1n el elenco Selva Guaran\u00ed, Amistad Chamamecera, Juan Jos\u00e9 P\u00e9rez-Claudio Quiroz, Alma Folkl\u00f3rica, Los Kara\u00ed del Chamam\u00e9 y Braian Acevedo. Como siempre, acompa\u00f1ar\u00e1n esta edici\u00f3n una feria gastron\u00f3mica y de emprendedores.<\/p>\n\n\n\n<p>En tanto, desde las 15:30, se desarrollar\u00e1 en Terrazas del Paran\u00e1 (avenida Costanera y Thomas Edison) una nueva edici\u00f3n de Ciudad de Dise\u00f1o, con importantes productos realizados por manos locales al mejor precio.<\/p>\n\n\n\n<p>Estas son algunas de las propuestas que ofrecer\u00e1 la Municipalidad de Corrientes para un fin de semana en familia.<\/p>\n","protected":false},"excerpt":{"rendered":"<p>Una vez m\u00e1s, la Municipalidad de Corrientes pone a disposici\u00f3n una serie de actividades gratuitas para disfrutar en familia y con amigos. Habr\u00e1 ferias de artesanos, Ciudad Dise\u00f1o, pe\u00f1as chamameceras,&hellip; <\/p>\n","protected":false},"author":3,"featured_media":70841,"comment_status":"closed","ping_status":"open","sticky":false,"template":"","format":"standard","meta":{"footnotes":""},"categories":[17],"tags":[],"class_list":["post-70840","post","type-post","status-publish","format-standard","has-post-thumbnail","hentry","category-sociales"],"_links":{"self":[{"href":"https:\/\/corrientesdetarde.com\/index.php\/wp-json\/wp\/v2\/posts\/70840","targetHints":{"allow":["GET"]}}],"collection":[{"href":"https:\/\/corrientesdetarde.com\/index.php\/wp-json\/wp\/v2\/posts"}],"about":[{"href":"https:\/\/corrientesdetarde.com\/index.php\/wp-json\/wp\/v2\/types\/post"}],"author":[{"embeddable":true,"href":"https:\/\/corrientesdetarde.com\/index.php\/wp-json\/wp\/v2\/users\/3"}],"replies":[{"embeddable":true,"href":"https:\/\/corrientesdetarde.com\/index.php\/wp-json\/wp\/v2\/comments?post=70840"}],"version-history":[{"count":1,"href":"https:\/\/corrientesdetarde.com\/index.php\/wp-json\/wp\/v2\/posts\/70840\/revisions"}],"predecessor-version":[{"id":70842,"href":"https:\/\/corrientesdetarde.com\/index.php\/wp-json\/wp\/v2\/posts\/70840\/revisions\/70842"}],"wp:featuredmedia":[{"embeddable":true,"href":"https:\/\/corrientesdetarde.com\/index.php\/wp-json\/wp\/v2\/media\/70841"}],"wp:attachment":[{"href":"https:\/\/corrientesdetarde.com\/index.php\/wp-json\/wp\/v2\/media?parent=70840"}],"wp:term":[{"taxonomy":"category","embeddable":true,"href":"https:\/\/corrientesdetarde.com\/index.php\/wp-json\/wp\/v2\/categories?post=70840"},{"taxonomy":"post_tag","embeddable":true,"href":"https:\/\/corrientesdetarde.com\/index.php\/wp-json\/wp\/v2\/tags?post=70840"}],"curies":[{"name":"wp","href":"https:\/\/api.w.org\/{rel}","templated":true}]}}