{"id":70927,"date":"2023-07-02T08:24:35","date_gmt":"2023-07-02T11:24:35","guid":{"rendered":"https:\/\/corrientesdetarde.com\/?p=70927"},"modified":"2023-07-02T08:24:56","modified_gmt":"2023-07-02T11:24:56","slug":"corrientes-un-hombre-murio-luego-de-ser-atropellado-por-un-auto-en-plena-ruta","status":"publish","type":"post","link":"https:\/\/corrientesdetarde.com\/index.php\/policiales\/corrientes-un-hombre-murio-luego-de-ser-atropellado-por-un-auto-en-plena-ruta\/","title":{"rendered":"Corrientes: un hombre muri\u00f3 luego de ser atropellado por un auto en plena ruta"},"content":{"rendered":"\n<p>El hecho ocurri\u00f3 en cercan\u00edas de la localidad de Empedrado.\u00a0<\/p>\n\n\n\n<p>Un hombre muri\u00f3 tras ser atropellado por un auto en plena ruta, informaron este s\u00e1bado dese la Polic\u00eda de Corrientes.&nbsp;<\/p>\n\n\n\n<p>El lamentable hecho tuvo lugar en horas de la tarde del s\u00e1bado a la altura del kilometro 970 de la Ruta Nacional N\u00b012 en cercan\u00edas de la localidad correntina de Empedrado.&nbsp;<\/p>\n\n\n\n<p>Personal policial fue advertido mediante un llamado sobre el accidente de tr\u00e1nsito por lo que inmediatamente acudieron al lugar.&nbsp;<\/p>\n\n\n\n<p>Una vez en el mismo se logr\u00f3 constatar que el siniestro involucr\u00f3 un auto conducido por un hombre de apellido Lugo que viajaba acompa\u00f1ado por dos personas m\u00e1s y una bicicleta en la que se transportaba un hombre de 64 a\u00f1os de edad identificado como Mirando.&nbsp;<\/p>\n\n\n\n<p><strong>Producto del accidente, el conductor de la bicicleta muri\u00f3 en el acto<\/strong>, detallaron desde la fuerza.&nbsp;<\/p>\n\n\n\n<p>Seg\u00fan las primeras averiguaciones&nbsp;el veh\u00edculo automotor, se hallaba&nbsp;circulando&nbsp;desde la Capital correntina hacia la ciudad de Saladas,&nbsp;cuando a la altura del kil\u00f3metro 970, observaron&nbsp;<strong>que una persona circulaba en bicicleta por el medio de la cinta asf\u00e1ltica y se cruza hacia su carril produciendo el accidente.&nbsp;<\/strong><\/p>\n\n\n\n<p>En el lugar se realizan las diligencias correspondientes al caso.&nbsp;<\/p>\n","protected":false},"excerpt":{"rendered":"<p>El hecho ocurri\u00f3 en cercan\u00edas de la localidad de Empedrado.\u00a0 Un hombre muri\u00f3 tras ser atropellado por un auto en plena ruta, informaron este s\u00e1bado dese la Polic\u00eda de Corrientes.&nbsp;&hellip; <\/p>\n","protected":false},"author":4,"featured_media":70934,"comment_status":"closed","ping_status":"open","sticky":false,"template":"","format":"standard","meta":{"footnotes":""},"categories":[33],"tags":[],"class_list":["post-70927","post","type-post","status-publish","format-standard","has-post-thumbnail","hentry","category-policiales"],"_links":{"self":[{"href":"https:\/\/corrientesdetarde.com\/index.php\/wp-json\/wp\/v2\/posts\/70927","targetHints":{"allow":["GET"]}}],"collection":[{"href":"https:\/\/corrientesdetarde.com\/index.php\/wp-json\/wp\/v2\/posts"}],"about":[{"href":"https:\/\/corrientesdetarde.com\/index.php\/wp-json\/wp\/v2\/types\/post"}],"author":[{"embeddable":true,"href":"https:\/\/corrientesdetarde.com\/index.php\/wp-json\/wp\/v2\/users\/4"}],"replies":[{"embeddable":true,"href":"https:\/\/corrientesdetarde.com\/index.php\/wp-json\/wp\/v2\/comments?post=70927"}],"version-history":[{"count":1,"href":"https:\/\/corrientesdetarde.com\/index.php\/wp-json\/wp\/v2\/posts\/70927\/revisions"}],"predecessor-version":[{"id":70935,"href":"https:\/\/corrientesdetarde.com\/index.php\/wp-json\/wp\/v2\/posts\/70927\/revisions\/70935"}],"wp:featuredmedia":[{"embeddable":true,"href":"https:\/\/corrientesdetarde.com\/index.php\/wp-json\/wp\/v2\/media\/70934"}],"wp:attachment":[{"href":"https:\/\/corrientesdetarde.com\/index.php\/wp-json\/wp\/v2\/media?parent=70927"}],"wp:term":[{"taxonomy":"category","embeddable":true,"href":"https:\/\/corrientesdetarde.com\/index.php\/wp-json\/wp\/v2\/categories?post=70927"},{"taxonomy":"post_tag","embeddable":true,"href":"https:\/\/corrientesdetarde.com\/index.php\/wp-json\/wp\/v2\/tags?post=70927"}],"curies":[{"name":"wp","href":"https:\/\/api.w.org\/{rel}","templated":true}]}}