{"id":70928,"date":"2023-07-02T08:20:26","date_gmt":"2023-07-02T11:20:26","guid":{"rendered":"https:\/\/corrientesdetarde.com\/?p=70928"},"modified":"2023-07-02T08:26:33","modified_gmt":"2023-07-02T11:26:33","slug":"conflicto-en-el-parana-cafiero-viene-a-corrientes-y-paraguay-muestra-la-bandera-blanca","status":"publish","type":"post","link":"https:\/\/corrientesdetarde.com\/index.php\/locales\/conflicto-en-el-parana-cafiero-viene-a-corrientes-y-paraguay-muestra-la-bandera-blanca\/","title":{"rendered":"Conflicto en el Paran\u00e1: Cafiero viene a Corrientes y Paraguay muestra la bandera blanca"},"content":{"rendered":"\n<p>Desde la Armada del vecino pa\u00eds aseguran que se trabaja \u201cen forma arm\u00f3nica bajo convenios bilaterales\u201d. Mientras se aguarda la llegada del canciller argentino, Santiago Cafiero, a Corrientes y que se producir\u00eda luego de la Cumbre del Mercosur.&nbsp;<\/p>\n\n\n\n<p>Tras la denuncia del Gobierno de la Provincia contra la Armada paraguaya por vulnerar la soberan\u00eda de Argentina, \u201cest\u00e1n trabajando para subsanar el mal entendido que ocurri\u00f3 entre nuestra gente y los hermanos argentinos\u201d.<\/p>\n\n\n\n<p>Ante el conflicto con la Prefectura paraguaya y pescadores correntinos en territorio argentino, medios nacionales confirman la llegada del ministro de Relaciones Exteriores, Comercio Internacional y Culto, Santiago Cafiero, a la zona fronteriza de Punta \u00d1ar\u00f3 donde se produjo el incidente.&nbsp;<\/p>\n\n\n\n<p>Se especula que el arribo de Cafiero a la zona de conflicto se producir\u00e1 luego de la Cumbre del Mercosur, que se realizar\u00e1 ma\u00f1ana y pasado en Puerto Iguaz\u00fa, Misiones, y contar\u00e1 con la participaci\u00f3n del presidente de la Argentina, Alberto Fern\u00e1ndez, y su par de Paraguay, Mario Abdo Ben\u00edtez.<\/p>\n\n\n\n<p>\u201cEl compromiso que tom\u00f3 Cafiero con el gobernador correntino Gustavo Vald\u00e9s es que se conformar\u00e1 en el \u00e1rea una comisi\u00f3n negociadora para evitar que se vuelvan a producir incidentes como el del fin de semana pasado\u201d, detall\u00f3 Infobae.com en su edici\u00f3n de ayer al referirse al conflicto con el Paraguay.<\/p>\n\n\n\n<p>Y mientras se alista el desembarco en Corrientes de Cafiero, la Armada del vecino pa\u00eds, pretende bajar los decibeles a la disputa. \u201cEstamos trabajando para subsanar el mal entendido que ocurri\u00f3 entre nuestra gente y los hermanos argentinos\u201d, dijo a Infobae el capit\u00e1n Ariel Ben\u00edtez Liseras, director de Comunicaci\u00f3n Social del arma.<\/p>\n\n\n\n<p>Reconoci\u00f3: \u201cLa situaci\u00f3n no es la mejor, pero como instituci\u00f3n estamos abiertos a que la verdad sea la que salga victoriosa de esta situaci\u00f3n\u201d.<\/p>\n\n\n\n<p>Ben\u00edtez Liseras dijo que las Prefectura de ambos pa\u00edses trabajan en permanente coordinaci\u00f3n. \u201cSi la Prefectura argentina tiene embarcaciones con personas paraguayas y no est\u00e1n en regla con lo que estipula las leyes de la Naci\u00f3n argentina, son sometidos legalmente. Lo mismo pasa con casos en los que nosotros realizamos intervenciones y constatamos que embarcaciones y personas argentinas no cumplen con nuestras legislaciones. El trabajo nuestro es velar por nuestras fronteras, as\u00ed como lo es para la Prefectura Argentina. Trabajamos en forma arm\u00f3nica bajo convenios bilaterales aprobados por ambas naciones\u201d.<\/p>\n\n\n\n<p>\u201cMientras se espera la conformaci\u00f3n de la mesa de coordinaci\u00f3n, Prefectura de nuestro pa\u00eds reforz\u00f3 su presencia en la zona y ampli\u00f3 el patrullaje. Pobladores locales comentaron que episodios como el que vivi\u00f3 Silva se producen de forma habitual\u201d, cerr\u00f3.<\/p>\n\n\n\n<p>Estas declaraciones se producen despu\u00e9s de un discurso del legislador paraguayo del Plra Misiones, Hugo C\u00e9sar Capurro, quien le respondi\u00f3 al gobernador correntino y felicit\u00f3 a la Armada de su pa\u00eds por intervenir en las orillas de Ituzaing\u00f3.<\/p>\n\n\n\n<p>\u201cQuiero entrar en un tema conflictivo, donde he visto, estuve leyendo el ABC Color donde dice \u2018Posible conflicto diplom\u00e1tico: la marina paraguaya detuvo a pescadores a orillas de unas Islas Argentinas\u2019\u201d, expres\u00f3 el legislador.<\/p>\n\n\n\n<p>Al encabezar un acto de campa\u00f1a con el precandidato a presidente, Horacio Rodr\u00edguez Larreta, Vald\u00e9s luego de adelantar la llegada del funcionario nacional tambi\u00e9n asegur\u00f3 que \u201cla relaci\u00f3n con el Paraguay se hace a trav\u00e9s de canciller\u00eda y no hay posibilidad de una relaci\u00f3n entre una provincia y un pa\u00eds\u201d.<\/p>\n\n\n\n<p>En esa oportunidad, remarc\u00f3 la necesidad de \u201ctener una respuesta, porque cada vez se est\u00e1 levantando el tono&#8221; de la disputa. &#8220;Tenemos que tener tranquilidad, presencia permanente en las islas que son claves&#8221;, acot\u00f3.<\/p>\n\n\n\n<p>\u201cEs necesario una resoluci\u00f3n amigable a los conflictos que nos trae la cuesti\u00f3n de l\u00edmites con el Paraguay&#8221;, insisti\u00f3 Vald\u00e9s.<\/p>\n\n\n\n<p>Denuncia<\/p>\n\n\n\n<p>Cabe recordar que ante el hecho, Vald\u00e9s denunci\u00f3 a la Prefectura General Naval de Paraguay ante el Gobierno nacional, la Canciller\u00eda argentina y el Ministerio de Seguridad tras un incidente ocurrido en Ituzaing\u00f3 en la zona de Punta \u00d1ar\u00f3, donde efectivos del vecino pa\u00eds abordaron una embarcaci\u00f3n de pescadores correntinos, con intenci\u00f3n de detenerlos en aguas y territorio nacional, en lo que significa \u201cuna agresi\u00f3n a la soberan\u00eda argentina\u201d.<\/p>\n\n\n\n<p>Inform\u00f3 que ante lo sucedido, tom\u00f3 contacto \u201cinmediatamente\u201d con el presidente Alberto Fern\u00e1ndez, el canciller Santiago Cafiero y el ministro de Seguridad de la Naci\u00f3n, An\u00edbal Fern\u00e1ndez, \u201cpara poner en conocimiento estos hechos para una pertinente denuncia de vulneraci\u00f3n\u201d, debido a que se trata de un \u201cincidente internacional\u201d.<\/p>\n\n\n\n<p>En su relato remarc\u00f3 que los militares paraguayos \u201cportaban armas de fuego\u201d intimidando a los ciudadanos de Ituzaing\u00f3. Tambi\u00e9n detall\u00f3 que, desde el lugar de los hechos, \u201cla distancia al primer pueblo paraguayo es de 34 km, y esto se produce frente a las costas de Ituzaing\u00f3, Corrientes, sobre la zona donde estamos construyendo el Puerto\u201d.<\/p>\n\n\n\n<p>Solicit\u00f3 \u201cel aprovechamiento com\u00fan\u201d de la zona con \u201clos hermanos paraguayos, para una libre convivencia\u201d, y que se cumplan los tratados internacionales para navegar libremente el r\u00edo Paran\u00e1. \u201cPedimos que tomen dimensi\u00f3n del problema que est\u00e1 habiendo en ese lugar, y que esto se agote mediante reuniones bilaterales, y no se amedrente m\u00e1s a las embarcaciones, por lo que decidimos no permanecer callados\u201d, alert\u00f3 Vald\u00e9s.&nbsp;<\/p>\n\n\n\n<p>Asegur\u00f3 que \u201cestamos asistiendo permanentemente a situaciones de mayor volumen y cada vez van subiendo de tono\u201d. En ese sentido, record\u00f3 que hubo hechos que se vivieron con anterioridad: \u201cHubo torneos de pesca que fueron interrumpidos por la Mariner\u00eda paraguaya y vimos otros incidentes con abordajes de lanchas, que siguen creciendo\u201d. \u201cAhora tenemos abordajes sobre costas argentinas con detenciones de las fuerzas paraguayas y eso nos presenta mayor preocupaci\u00f3n\u201d, se quej\u00f3.<\/p>\n\n\n\n<p>\u201cQueremos que haya un trabajo en conjunto y seguimos afirmando que es imposible tener una isla con l\u00edmites pocos claros; por eso se deben sentar las canciller\u00edas paraguayas y argentinas\u201d porque \u201cnosotros somos pueblos hermanos y no podemos tener estos incidentes entre comunidades\u201d. Explic\u00f3 que \u201cel tratado de 1875 es claro y tenemos que resolverlo amigablemente\u201d. Argument\u00f3 su pedido al expresar que \u201cmiles de paraguayos viven en Corrientes y se atienden en hospitales de la provincia, entre otras cosas. Por eso, tenemos que bregar por una libre convivencia\u201d.<\/p>\n\n\n\n<p>Repercusiones&nbsp;<\/p>\n\n\n\n<p>Ante los hechos, el diputado nacional Manuel Aguirre present\u00f3 un proyecto de resoluci\u00f3n en la C\u00e1mara de Diputados de la Naci\u00f3n para \u201cponer fin a la incertidumbre creando, si se estima necesario, una Comisi\u00f3n Administradora como en otros r\u00edos\u201d.<\/p>\n\n\n\n<p>En esa l\u00ednea y mediante &nbsp;un proyecto de declaraci\u00f3n, la legisladora nacional Sofia Brambilla manifest\u00f3 su preocupaci\u00f3n por el incidente ocurrido en la zona fronteriza con el Paraguay. Los primeros en acompa\u00f1ar la iniciativa fueron los legisladores nacionales: Jorge Vara, Fabi\u00e1n Borda, Ricardo Buryaile, Marilu Quiroz; Alberto Assef; Gustavo Hein, Gerardo Cipolini, entre otros.<\/p>\n\n\n\n<p>Mientras que la C\u00e1mara de Senadores de Corrientes solicit\u00f3 a la Canciller\u00eda argentina tome como un verdadero conflicto sist\u00e9mico y permanente la violaci\u00f3n de l\u00edmites ocurrida en costas argentinas -Punta \u00d1ar\u00f3-Ituzaing\u00f3-Corrientes- por parte de la Prefectura paraguaya, en este caso en procedimiento intimidatorio que sufrieron pescadores argentinos en el r\u00edo Paran\u00e1.<\/p>\n","protected":false},"excerpt":{"rendered":"<p>Desde la Armada del vecino pa\u00eds aseguran que se trabaja \u201cen forma arm\u00f3nica bajo convenios bilaterales\u201d. Mientras se aguarda la llegada del canciller argentino, Santiago Cafiero, a Corrientes y que&hellip; <\/p>\n","protected":false},"author":4,"featured_media":70932,"comment_status":"closed","ping_status":"open","sticky":false,"template":"","format":"standard","meta":{"footnotes":""},"categories":[8],"tags":[],"class_list":["post-70928","post","type-post","status-publish","format-standard","has-post-thumbnail","hentry","category-locales"],"_links":{"self":[{"href":"https:\/\/corrientesdetarde.com\/index.php\/wp-json\/wp\/v2\/posts\/70928","targetHints":{"allow":["GET"]}}],"collection":[{"href":"https:\/\/corrientesdetarde.com\/index.php\/wp-json\/wp\/v2\/posts"}],"about":[{"href":"https:\/\/corrientesdetarde.com\/index.php\/wp-json\/wp\/v2\/types\/post"}],"author":[{"embeddable":true,"href":"https:\/\/corrientesdetarde.com\/index.php\/wp-json\/wp\/v2\/users\/4"}],"replies":[{"embeddable":true,"href":"https:\/\/corrientesdetarde.com\/index.php\/wp-json\/wp\/v2\/comments?post=70928"}],"version-history":[{"count":2,"href":"https:\/\/corrientesdetarde.com\/index.php\/wp-json\/wp\/v2\/posts\/70928\/revisions"}],"predecessor-version":[{"id":70937,"href":"https:\/\/corrientesdetarde.com\/index.php\/wp-json\/wp\/v2\/posts\/70928\/revisions\/70937"}],"wp:featuredmedia":[{"embeddable":true,"href":"https:\/\/corrientesdetarde.com\/index.php\/wp-json\/wp\/v2\/media\/70932"}],"wp:attachment":[{"href":"https:\/\/corrientesdetarde.com\/index.php\/wp-json\/wp\/v2\/media?parent=70928"}],"wp:term":[{"taxonomy":"category","embeddable":true,"href":"https:\/\/corrientesdetarde.com\/index.php\/wp-json\/wp\/v2\/categories?post=70928"},{"taxonomy":"post_tag","embeddable":true,"href":"https:\/\/corrientesdetarde.com\/index.php\/wp-json\/wp\/v2\/tags?post=70928"}],"curies":[{"name":"wp","href":"https:\/\/api.w.org\/{rel}","templated":true}]}}