{"id":71039,"date":"2023-07-02T19:52:25","date_gmt":"2023-07-02T22:52:25","guid":{"rendered":"https:\/\/corrientesdetarde.com\/?p=71039"},"modified":"2023-07-02T19:52:29","modified_gmt":"2023-07-02T22:52:29","slug":"espana-vuelve-a-ganar-el-mundial-de-baloncesto-sub-19-despues-de-24-anos","status":"publish","type":"post","link":"https:\/\/corrientesdetarde.com\/index.php\/deportes\/espana-vuelve-a-ganar-el-mundial-de-baloncesto-sub-19-despues-de-24-anos\/","title":{"rendered":"Espa\u00f1a vuelve a ganar el Mundial de baloncesto sub-19 despu\u00e9s de 24 a\u00f1os."},"content":{"rendered":"\n<h2 class=\"wp-block-heading\">La selecci\u00f3n se ha puesto a Francia por un 73 a 69 en un partido muy ajustado, que ha concluido en pr\u00f3rroga.<\/h2>\n\n\n\n<p>Hac\u00eda mucho tiempo que Espa\u00f1a no levantaba el oro en un Mundial Sub 19 de baloncesto. Se trata de la segunda vez que la selecci\u00f3n conquista este t\u00edtulo. La primera fue hace<strong>&nbsp;24 a\u00f1os<\/strong>, en 1999, que no ocurr\u00eda y fue con la selecci\u00f3n de&nbsp;<strong>Pau Gasol, Juan Carlos Navarro o Ra\u00fal L\u00f3pez<\/strong>&nbsp;la \u00faltima vez que Espa\u00f1a consigui\u00f3 hacerse con el campeonato. Esta vez ha sido contra Francia, cuando la selecci\u00f3n se ha impuesto en el marcador con un 73 a 69, en una emocionante final con pr\u00f3rroga incluida.<\/p>\n\n\n\n<p>La selecci\u00f3n ha estado dirigida por Dani Miret desde el banquillo, mientras que en la cancha han sido Jordi Rodr\u00edguez, Rafa Villar, Izan Almansa o Nogu\u00e9s quienes han dirigido el juego en Hungr\u00eda, territorio en el que ha tenido lugar el encuentro. Son los grandes talentos de la cantera, los que ha conseguido repetir la haza\u00f1a ante la selecci\u00f3n francesa y tras vencer a Turqu\u00eda en semifinales.<\/p>\n\n\n\n<p>Espa\u00f1a puso todo de su parte para volver a levantar el oro y as\u00ed ha sido. Fue el 23 de julio de 1999 la \u00faltima vez que se consigui\u00f3. En aquel momento, las j\u00f3venes promesas comenzaban a destacar en sus respectivos equipos. Los jugadores nacidos en 1980 hac\u00edan historia, un hito que no volver\u00eda a repetirse hasta 24 a\u00f1os despu\u00e9s con los j\u00f3venes nacidos en 2004 y 2005.<\/p>\n\n\n\n<p>El torneo ha sido impecable, la selecci\u00f3n ha ido superando a todos los adversarios por un holgada ventaja, Argentina por 38; Turqu\u00eda por 32, e incluso en las primeras fases a el L\u00edbano por una aplastante victoria de 102 a 20. Sin embargo, la final no iba a ser tan sencilla, los franceses pelearon hasta el final en un encuentro donde ha hecho falta ir a la pr\u00f3rroga para conocer al ganador. Pero, a pesar del cansancio en el tiempo extra, Espa\u00f1a se creci\u00f3, dio la mejor versi\u00f3n de s\u00ed, m\u00e1s s\u00f3lida y con una defensa f\u00e9rrea.<\/p>\n\n\n\n<p>Rafa Villar estren\u00f3 el tiempo extra con cinco puntos que fueron respondidos de inmediato por un acertado Ajinca que estaba haciendo mucho da\u00f1o desde todas las posiciones pero Espa\u00f1a supo mantener su buen tono defensivo y logr\u00f3 rematar el segundo t\u00edtulo mundial de su historia, 24 a\u00f1os despu\u00e9s del \u00e9xito de unos juniors de oro que marcaron entonces a toda una generaci\u00f3n y hoy encontraron unos dignos sucesores. Espa\u00f1a lo volv\u00eda a conseguir, se volv\u00eda a hacer con el oro 24 a\u00f1os despu\u00e9s.<\/p>\n\n\n\n<p><\/p>\n\n\n\n<p><em>Fuente: Infobae.<\/em><\/p>\n","protected":false},"excerpt":{"rendered":"<p>La selecci\u00f3n se ha puesto a Francia por un 73 a 69 en un partido muy ajustado, que ha concluido en pr\u00f3rroga. Hac\u00eda mucho tiempo que Espa\u00f1a no levantaba el&hellip; <\/p>\n","protected":false},"author":6,"featured_media":71043,"comment_status":"closed","ping_status":"open","sticky":false,"template":"","format":"standard","meta":{"footnotes":""},"categories":[4],"tags":[],"class_list":["post-71039","post","type-post","status-publish","format-standard","has-post-thumbnail","hentry","category-deportes"],"_links":{"self":[{"href":"https:\/\/corrientesdetarde.com\/index.php\/wp-json\/wp\/v2\/posts\/71039","targetHints":{"allow":["GET"]}}],"collection":[{"href":"https:\/\/corrientesdetarde.com\/index.php\/wp-json\/wp\/v2\/posts"}],"about":[{"href":"https:\/\/corrientesdetarde.com\/index.php\/wp-json\/wp\/v2\/types\/post"}],"author":[{"embeddable":true,"href":"https:\/\/corrientesdetarde.com\/index.php\/wp-json\/wp\/v2\/users\/6"}],"replies":[{"embeddable":true,"href":"https:\/\/corrientesdetarde.com\/index.php\/wp-json\/wp\/v2\/comments?post=71039"}],"version-history":[{"count":1,"href":"https:\/\/corrientesdetarde.com\/index.php\/wp-json\/wp\/v2\/posts\/71039\/revisions"}],"predecessor-version":[{"id":71044,"href":"https:\/\/corrientesdetarde.com\/index.php\/wp-json\/wp\/v2\/posts\/71039\/revisions\/71044"}],"wp:featuredmedia":[{"embeddable":true,"href":"https:\/\/corrientesdetarde.com\/index.php\/wp-json\/wp\/v2\/media\/71043"}],"wp:attachment":[{"href":"https:\/\/corrientesdetarde.com\/index.php\/wp-json\/wp\/v2\/media?parent=71039"}],"wp:term":[{"taxonomy":"category","embeddable":true,"href":"https:\/\/corrientesdetarde.com\/index.php\/wp-json\/wp\/v2\/categories?post=71039"},{"taxonomy":"post_tag","embeddable":true,"href":"https:\/\/corrientesdetarde.com\/index.php\/wp-json\/wp\/v2\/tags?post=71039"}],"curies":[{"name":"wp","href":"https:\/\/api.w.org\/{rel}","templated":true}]}}