{"id":71046,"date":"2023-07-02T20:10:35","date_gmt":"2023-07-02T23:10:35","guid":{"rendered":"https:\/\/corrientesdetarde.com\/?p=71046"},"modified":"2023-07-02T20:11:00","modified_gmt":"2023-07-02T23:11:00","slug":"hallan-muerto-a-un-adolescente-en-una-casa-abandonada","status":"publish","type":"post","link":"https:\/\/corrientesdetarde.com\/index.php\/crimen-y-justicia\/hallan-muerto-a-un-adolescente-en-una-casa-abandonada\/","title":{"rendered":"Hallan muerto a un adolescente en una casa abandonada."},"content":{"rendered":"\n<h2 class=\"wp-block-heading\">El adolescente permanec\u00eda desaparecido desde el pasado jueves y fue encontrado sin vida en una casa abandonada ubicada en las inmediaciones a la escuela a la que concurr\u00eda.<\/h2>\n\n\n\n<p><strong>Un adolescente de 14 a\u00f1os que estaba desaparecido desde el jueves en la\u00a0ciudad cordobesa\u00a0de Laboulaye fue\u00a0encontrado muerto\u00a0este domingo en una casa abandonada<\/strong>.<\/p>\n\n\n\n<p>La principal hip\u00f3tesis que investiga la polic\u00eda local es que\u00a0<strong>se tratar\u00eda de un homicidio\u00a0y el presunto autor del crimen ser\u00eda un menor<\/strong>.<\/p>\n\n\n\n<p>El cuerpo de&nbsp;<strong>la v\u00edctima, identificada como&nbsp;Joaqu\u00edn Sperani<\/strong>, fue hallado en una vivienda ubicada a unos 100 metros de la escuela secundaria a la que concurr\u00eda.<\/p>\n\n\n\n<h2 class=\"wp-block-heading\"><strong>La desaparici\u00f3n de Joaqu\u00edn Sperani<\/strong><\/h2>\n\n\n\n<p><strong>Sperani era buscado desde la tarde del jueves 29, cuando no asisti\u00f3 al colegio Ipem N\u00ba 278 \u201cMalvinas Argentinas\u201d<\/strong>. La \u00faltima vez que lo hab\u00edan visto fue alrededor de las 15 con el uniforme puesto.<\/p>\n\n\n\n<figure class=\"wp-block-image\"><a href=\"https:\/\/www.radiosudamericana.com\/notix\/multimedia\/imagenes\/fotos\/2023-07-02\/795037.jpg\"><img decoding=\"async\" src=\"https:\/\/www.radiosudamericana.com\/notix\/multimedia\/imagenes\/fotos\/2023-07-02\/795037.jpg_nota.jpg\" alt=\"\"\/><\/a><\/figure>\n\n\n\n<p>La preceptora de su curso confirm\u00f3 que&nbsp;no se encontraba en el aula&nbsp;al momento de tomar asistencia. Un dato que agreg\u00f3 m\u00e1s confusi\u00f3n es que&nbsp;<strong>su bicicleta estaba en el patio de la escuela<\/strong>, aunque sus compa\u00f1eros tampoco pudieron dar certezas sobre si lo hab\u00edan visto ese d\u00eda.<\/p>\n\n\n\n<p>Las horas pasaban y segu\u00eda sin aparecer, al mismo tiempo que tampoco se comunicaba con su madre, Mariela Flores. En medio de la desesperaci\u00f3n, la mujer realiz\u00f3 una denuncia cuando ya era la noche del jueves. \u201c<strong>Me pone nerviosa no saber nada de \u00e9l,&nbsp;no puede haberse esfumado<\/strong>\u201d, dijo en di\u00e1logo con&nbsp;Cadena 3.<\/p>\n\n\n\n<p>La b\u00fasqueda de Joaqu\u00edn moviliz\u00f3 a toda la ciudad e inmediatamente sus familiares y amigos comenzaron una campa\u00f1a por redes sociales para pedir por su aparici\u00f3n.<\/p>\n\n\n\n<figure class=\"wp-block-image\"><a href=\"https:\/\/www.radiosudamericana.com\/notix\/multimedia\/imagenes\/fotos\/2023-07-02\/827584.jpg\"><img decoding=\"async\" src=\"https:\/\/www.radiosudamericana.com\/notix\/multimedia\/imagenes\/fotos\/2023-07-02\/827584.jpg_nota.jpg\" alt=\"\"\/><\/a><\/figure>\n\n\n\n<p>Este s\u00e1bado se convoc\u00f3 a una marcha y los asistentes caminaron por las distintas calles de la localidad. La movilizaci\u00f3n termin\u00f3 en la Jefatura de la Unidad Regional Departamental.<\/p>\n\n\n\n<p>En ese lugar, el padre de Joaqu\u00edn manifest\u00f3 su agradecimiento por el apoyo. \u201cAgradezco por esta inmensa reuni\u00f3n que se hizo.&nbsp;Sin ustedes no s\u00e9 qu\u00e9 har\u00edamos, son el pilar que nosotros tenemos\u201d, expres\u00f3, seg\u00fan indic\u00f3 el medio local&nbsp;Nexos del Sur.<\/p>\n\n\n\n<p>Finalmente,&nbsp;<strong>este domingo fue&nbsp;encontrado sin vida&nbsp;en una casa abandonada<\/strong>. Al lugar acudieron bomberos, un servicio de emergencia, polic\u00edas y la fiscal\u00eda de turno para retirar el cuerpo e iniciar las primeras investigaciones del caso.<\/p>\n\n\n\n<p><em>Fuente: El Doce.&nbsp;<\/em><\/p>\n","protected":false},"excerpt":{"rendered":"<p>El adolescente permanec\u00eda desaparecido desde el pasado jueves y fue encontrado sin vida en una casa abandonada ubicada en las inmediaciones a la escuela a la que concurr\u00eda. Un adolescente&hellip; <\/p>\n","protected":false},"author":6,"featured_media":71051,"comment_status":"closed","ping_status":"open","sticky":false,"template":"","format":"standard","meta":{"footnotes":""},"categories":[5],"tags":[],"class_list":["post-71046","post","type-post","status-publish","format-standard","has-post-thumbnail","hentry","category-crimen-y-justicia"],"_links":{"self":[{"href":"https:\/\/corrientesdetarde.com\/index.php\/wp-json\/wp\/v2\/posts\/71046","targetHints":{"allow":["GET"]}}],"collection":[{"href":"https:\/\/corrientesdetarde.com\/index.php\/wp-json\/wp\/v2\/posts"}],"about":[{"href":"https:\/\/corrientesdetarde.com\/index.php\/wp-json\/wp\/v2\/types\/post"}],"author":[{"embeddable":true,"href":"https:\/\/corrientesdetarde.com\/index.php\/wp-json\/wp\/v2\/users\/6"}],"replies":[{"embeddable":true,"href":"https:\/\/corrientesdetarde.com\/index.php\/wp-json\/wp\/v2\/comments?post=71046"}],"version-history":[{"count":1,"href":"https:\/\/corrientesdetarde.com\/index.php\/wp-json\/wp\/v2\/posts\/71046\/revisions"}],"predecessor-version":[{"id":71050,"href":"https:\/\/corrientesdetarde.com\/index.php\/wp-json\/wp\/v2\/posts\/71046\/revisions\/71050"}],"wp:featuredmedia":[{"embeddable":true,"href":"https:\/\/corrientesdetarde.com\/index.php\/wp-json\/wp\/v2\/media\/71051"}],"wp:attachment":[{"href":"https:\/\/corrientesdetarde.com\/index.php\/wp-json\/wp\/v2\/media?parent=71046"}],"wp:term":[{"taxonomy":"category","embeddable":true,"href":"https:\/\/corrientesdetarde.com\/index.php\/wp-json\/wp\/v2\/categories?post=71046"},{"taxonomy":"post_tag","embeddable":true,"href":"https:\/\/corrientesdetarde.com\/index.php\/wp-json\/wp\/v2\/tags?post=71046"}],"curies":[{"name":"wp","href":"https:\/\/api.w.org\/{rel}","templated":true}]}}