{"id":71047,"date":"2023-07-02T20:06:33","date_gmt":"2023-07-02T23:06:33","guid":{"rendered":"https:\/\/corrientesdetarde.com\/?p=71047"},"modified":"2023-07-02T20:06:38","modified_gmt":"2023-07-02T23:06:38","slug":"rodriguez-larreta-viaja-a-san-juan-junto-a-morales-y-lousteau-para-respaldar-al-candidato-a-gobernador-de-juntos-por-el-cambio","status":"publish","type":"post","link":"https:\/\/corrientesdetarde.com\/index.php\/politica\/rodriguez-larreta-viaja-a-san-juan-junto-a-morales-y-lousteau-para-respaldar-al-candidato-a-gobernador-de-juntos-por-el-cambio\/","title":{"rendered":"Rodr\u00edguez Larreta viaja a San Juan junto a Morales y Lousteau para respaldar al candidato a gobernador de Juntos por el Cambio."},"content":{"rendered":"\n<h2 class=\"wp-block-heading\">El jefe de Gobierno porte\u00f1o estar\u00e1 a las 20:30 en la provincia para acompa\u00f1ar a Marcelo Orrego. En la comitiva tambi\u00e9n est\u00e1n Maximiliano Ferraro, Miguel \u00c1ngel Pichetto, Jos\u00e9 Luis Espert y Waldo Wolff. Busca sumar otra foto en modo campa\u00f1a para reforzar su mensaje de \u201campliar\u201d la coalici\u00f3n.<\/h2>\n\n\n\n<p>A poco m\u00e1s de una hora de finalizar el comicio local,\u00a0<strong>Horacio Rodr\u00edguez Larreta<\/strong>\u00a0va\u00a0<strong>en camino<\/strong>\u00a0hacia\u00a0<strong>San Juan\u00a0<\/strong>para acompa\u00f1ar a\u00a0<strong>Marcelo Orrego<\/strong>, candidato a gobernador de Juntos por el Cambio (JxC). Seg\u00fan se pudo saber, llegar\u00e1 a las 20:30 a la provincia. Ser\u00e1 el escenario para sumar una foto m\u00e1s en modo campa\u00f1a,\u00a0<strong>rodeado de una comitiva<\/strong>\u00a0que integran los principales socios pol\u00edticos de su armado presidencial.<\/p>\n\n\n\n<p>El jefe de Gobierno de la Ciudad vuela junto a\u00a0<strong>Gerardo Morales<\/strong>, gobernador de Jujuy y su compa\u00f1ero de f\u00f3rmula,\u00a0<strong>Mart\u00edn Lousteau<\/strong>, precandidato a jefe de Gobierno porte\u00f1o,\u00a0<strong>Maximiliano Ferraro<\/strong>, presidente de la Coalici\u00f3n C\u00edvica y 1\u00b0 precandidato a diputado nacional por CABA,\u00a0<strong>Miguel \u00c1ngel Pichetto<\/strong>, 1\u00b0 precandidato a diputado nacional por la provincia de Buenos Aires,\u00a0<strong>Jos\u00e9 Luis Espert<\/strong>, precandidato a senador nacional de JxC por el territorio bonaerense, y\u00a0<strong>Waldo Wolff<\/strong>, precandidato al Parlasur. Adem\u00e1s, tambi\u00e9n viaja\u00a0<strong>Eduardo Macchiavelli<\/strong>, secretario de Proyecci\u00f3n Federal del Gobierno porte\u00f1o y armador nacional del larretismo.<\/p>\n\n\n\n<p>El larretismo apuesta a una&nbsp;<strong>buena elecci\u00f3n&nbsp;<\/strong>de Orrego y se esperanzan con dar un&nbsp;<strong>batacazo<\/strong>. El oficialismo provincial, comandado por el gobernador&nbsp;<strong>Sergio U\u00f1ac<\/strong>, tiene expectativa en que&nbsp;<strong>Rub\u00e9n U\u00f1ac<\/strong>, hermano del mandatario, pueda retener el poder. Dentro del peronismo sanjuanino tambi\u00e9n compite&nbsp;<strong>Jos\u00e9 Luis Gioja<\/strong>, diputado nacional y ex gobernador. El hist\u00f3rico dirigente del PJ desaf\u00eda el liderazgo de los U\u00f1ac.<\/p>\n\n\n\n<p><img loading=\"lazy\" decoding=\"async\" alt=\"Miguel \u00c1ngel Pichetto, Maximiliano Ferraro, Jos\u00e9 Luis Espert, Gerardo Morales y Eduardo Macchiavelli viajan junto a Rodr\u00edguez Larreta a San Juan (Maximiliano Luna)\" height=\"1080\" width=\"1920\" class=\"\" src=\"https:\/\/www.infobae.com\/new-resizer\/XT_BMJ7gWkNioQZDIcI8Q2EMJf4=\/1920x1080\/filters:format(webp):quality(85)\/cloudfront-us-east-1.images.arcpublishing.com\/infobae\/WGALC4545FDLVIJIVERCKQV74Y.jpg\" srcset=\"https:\/\/www.infobae.com\/new-resizer\/xUU6CwfO_kzN0w662dNFZI-MU-o=\/420x236\/filters:format(webp):quality(85)\/cloudfront-us-east-1.images.arcpublishing.com\/infobae\/WGALC4545FDLVIJIVERCKQV74Y.jpg 420w,https:\/\/www.infobae.com\/new-resizer\/WNsAsXQqENaHMn54Bo8Yquf3pjk=\/768x432\/filters:format(webp):quality(85)\/cloudfront-us-east-1.images.arcpublishing.com\/infobae\/WGALC4545FDLVIJIVERCKQV74Y.jpg 768w,https:\/\/www.infobae.com\/new-resizer\/s1PXL8mur0m5gleel8Vdr7TWVm0=\/992x558\/filters:format(webp):quality(85)\/cloudfront-us-east-1.images.arcpublishing.com\/infobae\/WGALC4545FDLVIJIVERCKQV74Y.jpg 992w,https:\/\/www.infobae.com\/new-resizer\/jhIqA7dXtxbQBR2iF8ucIWZdaJA=\/1200x675\/filters:format(webp):quality(85)\/cloudfront-us-east-1.images.arcpublishing.com\/infobae\/WGALC4545FDLVIJIVERCKQV74Y.jpg 1200w,https:\/\/www.infobae.com\/new-resizer\/I0JbibsRqpTXX--dnAx0c_2r19I=\/1440x810\/filters:format(webp):quality(85)\/cloudfront-us-east-1.images.arcpublishing.com\/infobae\/WGALC4545FDLVIJIVERCKQV74Y.jpg 1440w\">Miguel \u00c1ngel Pichetto, Maximiliano Ferraro, Jos\u00e9 Luis Espert, Gerardo Morales y Eduardo Macchiavelli viajan junto a Rodr\u00edguez Larreta a San Juan (Maximiliano Luna)<\/p>\n\n\n\n<p>El viaje del larretismo surgi\u00f3 en la semana. El larretismo u<strong>nific\u00f3 los equipos de campa\u00f1a<\/strong>, con integrantes de cada referente de JxC que integra su armado, para coordinar recorridas y actividades campa\u00f1as conjuntas. El alcalde de CABA pretende mostrar que su espacio es \u201c<strong>amplio<\/strong>\u201d y \u201c<strong>multicolor<\/strong>\u201d, con dirigentes de todos los partidos de la coalici\u00f3n.<\/p>\n\n\n\n<p>Con un a\u00f1o marcado por los desdoblamientos de las elecciones provinciales, Larreta y<strong>&nbsp;Patricia Bullrich<\/strong>, la otra precandidata a presidenta de JxC, disputan su interna en cada distrito que vota separado al comicio nacional. Ambos buscan nacionalizar los escrutinios subnacionales y se suman a la foto de los b\u00fankers de las provincias, seg\u00fan las alianzas que cada uno tenga con el candidato local.<\/p>\n\n\n\n<p><img loading=\"lazy\" decoding=\"async\" alt=\"Patricia Bullrich junto a Luis Petri, su compa\u00f1ero de f\u00f3rmula (Maximiliano Luna)\" height=\"1080\" width=\"1920\" class=\"\" src=\"https:\/\/www.infobae.com\/new-resizer\/HrKyUSUuBKBkUtLq-C_nbTpJzr0=\/1920x1080\/filters:format(webp):quality(85)\/cloudfront-us-east-1.images.arcpublishing.com\/infobae\/AVG7DTWH6ZG2JHSSYOOIJFZI4M.jpg\" srcset=\"https:\/\/www.infobae.com\/new-resizer\/Q2nFRw_XUaIfjvKB0A76vn1Qd8I=\/420x236\/filters:format(webp):quality(85)\/cloudfront-us-east-1.images.arcpublishing.com\/infobae\/AVG7DTWH6ZG2JHSSYOOIJFZI4M.jpg 420w,https:\/\/www.infobae.com\/new-resizer\/hskyCzQuI7ycvEDyrrNac7HCDYE=\/768x432\/filters:format(webp):quality(85)\/cloudfront-us-east-1.images.arcpublishing.com\/infobae\/AVG7DTWH6ZG2JHSSYOOIJFZI4M.jpg 768w,https:\/\/www.infobae.com\/new-resizer\/8wcQUV-bOx7RFNELpfFGXFXSKyk=\/992x558\/filters:format(webp):quality(85)\/cloudfront-us-east-1.images.arcpublishing.com\/infobae\/AVG7DTWH6ZG2JHSSYOOIJFZI4M.jpg 992w,https:\/\/www.infobae.com\/new-resizer\/EPV6ouob5-AQdiIyCRAj65sqnsg=\/1200x675\/filters:format(webp):quality(85)\/cloudfront-us-east-1.images.arcpublishing.com\/infobae\/AVG7DTWH6ZG2JHSSYOOIJFZI4M.jpg 1200w,https:\/\/www.infobae.com\/new-resizer\/sK8EF8BNiO-3-7F40_PuCX8JUzg=\/1440x810\/filters:format(webp):quality(85)\/cloudfront-us-east-1.images.arcpublishing.com\/infobae\/AVG7DTWH6ZG2JHSSYOOIJFZI4M.jpg 1440w\">Patricia Bullrich junto a Luis Petri, su compa\u00f1ero de f\u00f3rmula (Maximiliano Luna)<\/p>\n\n\n\n<h2 class=\"wp-block-heading\">Expectativa por la elecci\u00f3n de San Juan<\/h2>\n\n\n\n<p>El 11 de junio, Rodr\u00edguez Larreta hab\u00eda estado en San Luis para sumarse al triunfo de&nbsp;<strong>Claudio Poggi<\/strong>, quien logr\u00f3&nbsp;<strong>destronar&nbsp;<\/strong>a Alberto Rodr\u00edguez Sa\u00e1 del poder y cort\u00f3 una hegemon\u00eda hist\u00f3rica del peronismo. Ese mismo domingo, Bullrich opt\u00f3 por ir a Mendoza, para respaldar a su aliado radical, Alfredo Cornejo.<\/p>\n\n\n\n<p><img loading=\"lazy\" decoding=\"async\" alt=\"Rub\u00e9n U\u00f1ac, Sergio U\u00f1ac, Marcelo Orrego y Jos\u00e9 Luis Gioja\" height=\"1080\" width=\"1920\" class=\"\" src=\"https:\/\/www.infobae.com\/new-resizer\/rJc51_xldc9mmzQ7wkq2RzKLllw=\/1920x1080\/filters:format(webp):quality(85)\/cloudfront-us-east-1.images.arcpublishing.com\/infobae\/FG4BNR72XFHPPGRJMBOFRB46AM.jpg\" srcset=\"https:\/\/www.infobae.com\/new-resizer\/69-Ju29Xiy52ea5kYnbApN9slyQ=\/420x236\/filters:format(webp):quality(85)\/cloudfront-us-east-1.images.arcpublishing.com\/infobae\/FG4BNR72XFHPPGRJMBOFRB46AM.jpg 420w,https:\/\/www.infobae.com\/new-resizer\/Mk0FgfOiUHLmZvzovQaayyGTTRA=\/768x432\/filters:format(webp):quality(85)\/cloudfront-us-east-1.images.arcpublishing.com\/infobae\/FG4BNR72XFHPPGRJMBOFRB46AM.jpg 768w,https:\/\/www.infobae.com\/new-resizer\/2BQTIUUTnNXfYcxYaQdFn7w5KfA=\/992x558\/filters:format(webp):quality(85)\/cloudfront-us-east-1.images.arcpublishing.com\/infobae\/FG4BNR72XFHPPGRJMBOFRB46AM.jpg 992w,https:\/\/www.infobae.com\/new-resizer\/PndMhtyjt1XZY7sFByFjPRA_fPg=\/1200x675\/filters:format(webp):quality(85)\/cloudfront-us-east-1.images.arcpublishing.com\/infobae\/FG4BNR72XFHPPGRJMBOFRB46AM.jpg 1200w,https:\/\/www.infobae.com\/new-resizer\/MnF0COcb_QkB3muRFMMG2-CE7ek=\/1440x810\/filters:format(webp):quality(85)\/cloudfront-us-east-1.images.arcpublishing.com\/infobae\/FG4BNR72XFHPPGRJMBOFRB46AM.jpg 1440w\">Rub\u00e9n U\u00f1ac, Sergio U\u00f1ac, Marcelo Orrego y Jos\u00e9 Luis Gioja<\/p>\n\n\n\n<p>El jefe de Gobierno mostr\u00f3 en aquella ocasi\u00f3n su foto con los mismos dirigentes con los que viaja hoy a San Juan, con la intenci\u00f3n fortalecer su mensaje sobre la necesidad de formar una \u201c<strong>nueva mayor\u00eda<\/strong>\u201d y \u201c<strong>ampliar<\/strong>\u201d la coalici\u00f3n. En cambio, Bullrich apost\u00f3 a acompa\u00f1ar a Cornejo, mostrarse tambi\u00e9n con Luis Petri, quien termin\u00f3 siendo su compa\u00f1ero de f\u00f3rmula, y exhibir una postal con el ala dura del frente opositor.<\/p>\n\n\n\n<p>Tras el cierre de la votaci\u00f3n, se espera que minutos despu\u00e9s de las&nbsp;<strong>19:30<\/strong>&nbsp;se conozcan los&nbsp;<strong>primeros resultados<\/strong>. Debido a que s\u00f3lo se elige gobernador y vicegobernador, se espera que el escrutinio sea&nbsp;<strong>\u00e1gil<\/strong>. El resto de las categor\u00edas provinciales se votaron el 14 de mayo.<\/p>\n\n\n\n<p>San Juan es un&nbsp;<strong>basti\u00f3n hist\u00f3rico del peronismo<\/strong>. Este a\u00f1o, la elecci\u00f3n est\u00e1 signada por la&nbsp;<strong>interna&nbsp;<\/strong>del justicialismo, entre los U\u00f1ac y Gioja. Adem\u00e1s, porque se trata de un comicio en el que s\u00f3lo se vota gobernador y vicegobernador. El resto de las categor\u00edas provinciales se votaron el 14 de mayo.<\/p>\n\n\n\n<p><img loading=\"lazy\" decoding=\"async\" alt=\"Rodr\u00edguez Larreta con Claudio Poggi, el domingo de las elecciones en San Luis, junto a Gerardo Morales, Mart\u00edn Lousteau, Maximiliano Ferraro, Jos\u00e9 Luis Espert y Margarita Stolbizer\" height=\"1066\" width=\"1600\" class=\"\" src=\"https:\/\/www.infobae.com\/new-resizer\/rmX_IyZHRqc3jLL_S6kY1l9UYbE=\/1600x1066\/filters:format(webp):quality(85)\/cloudfront-us-east-1.images.arcpublishing.com\/infobae\/2R3H5EL6NVCMHOVVNREEF76D5U.jpeg\" srcset=\"https:\/\/www.infobae.com\/new-resizer\/OvPGA73R2X1ux_SombD-0Jp2-Jg=\/420x280\/filters:format(webp):quality(85)\/cloudfront-us-east-1.images.arcpublishing.com\/infobae\/2R3H5EL6NVCMHOVVNREEF76D5U.jpeg 420w,https:\/\/www.infobae.com\/new-resizer\/TApEE6V5SOcng3Bf4fHN1DG8Ny8=\/768x512\/filters:format(webp):quality(85)\/cloudfront-us-east-1.images.arcpublishing.com\/infobae\/2R3H5EL6NVCMHOVVNREEF76D5U.jpeg 768w,https:\/\/www.infobae.com\/new-resizer\/q_-lz-Z9pMpU1wpSnK9hSoRz_80=\/992x661\/filters:format(webp):quality(85)\/cloudfront-us-east-1.images.arcpublishing.com\/infobae\/2R3H5EL6NVCMHOVVNREEF76D5U.jpeg 992w,https:\/\/www.infobae.com\/new-resizer\/1XrN0mxg3qTzo5UO6QIIeX4i__g=\/1200x800\/filters:format(webp):quality(85)\/cloudfront-us-east-1.images.arcpublishing.com\/infobae\/2R3H5EL6NVCMHOVVNREEF76D5U.jpeg 1200w,https:\/\/www.infobae.com\/new-resizer\/nqWD9uwscWZy-rYbZWl3FlUk1uY=\/1440x960\/filters:format(webp):quality(85)\/cloudfront-us-east-1.images.arcpublishing.com\/infobae\/2R3H5EL6NVCMHOVVNREEF76D5U.jpeg 1440w\">Rodr\u00edguez Larreta con Claudio Poggi, el domingo de las elecciones en San Luis, junto a Gerardo Morales, Mart\u00edn Lousteau, Maximiliano Ferraro, Jos\u00e9 Luis Espert y Margarita Stolbizer<\/p>\n\n\n\n<p>El desacople se debi\u00f3 al&nbsp;<strong>fallo&nbsp;<\/strong>de la Corte Suprema de Justicia de la Naci\u00f3n, que&nbsp;<strong>invalid\u00f3&nbsp;<\/strong>la candidatura del actual, gobernador, por considerar que no cumpl\u00eda con los requisitos constitucionales para postularse por otra reelecci\u00f3n. Conocido el fallo, U\u00f1ac design\u00f3 a su hermano como nuevo candidato a sucederlo y convoc\u00f3 a las elecciones para este domingo.<\/p>\n\n\n\n<p>A su vez, la oposici\u00f3n cerr\u00f3 filas detr\u00e1s de\u00a0<strong>Orrego<\/strong>. Si bien hay tres candidatos m\u00e1s dentro de JxC, el diputado nacional sanjuanino tuvo fuerte respaldo de referentes nacionales de la coalici\u00f3n. Especialmente, de Rodr\u00edguez Larreta. A un mes de las PASO, el larretismo pretenda sumar hoy una\u00a0<strong>foto triunfal<\/strong>\u00a0a su album de campa\u00f1a, para generar una inercia hacia el\u00a0<em>sping\u00a0<\/em>final de las elecciones.<\/p>\n\n\n\n<p><\/p>\n\n\n\n<p><em>Fuente: Infobae.<\/em><\/p>\n","protected":false},"excerpt":{"rendered":"<p>El jefe de Gobierno porte\u00f1o estar\u00e1 a las 20:30 en la provincia para acompa\u00f1ar a Marcelo Orrego. En la comitiva tambi\u00e9n est\u00e1n Maximiliano Ferraro, Miguel \u00c1ngel Pichetto, Jos\u00e9 Luis Espert&hellip; <\/p>\n","protected":false},"author":6,"featured_media":71048,"comment_status":"closed","ping_status":"open","sticky":false,"template":"","format":"standard","meta":{"footnotes":""},"categories":[3],"tags":[],"class_list":["post-71047","post","type-post","status-publish","format-standard","has-post-thumbnail","hentry","category-politica"],"_links":{"self":[{"href":"https:\/\/corrientesdetarde.com\/index.php\/wp-json\/wp\/v2\/posts\/71047","targetHints":{"allow":["GET"]}}],"collection":[{"href":"https:\/\/corrientesdetarde.com\/index.php\/wp-json\/wp\/v2\/posts"}],"about":[{"href":"https:\/\/corrientesdetarde.com\/index.php\/wp-json\/wp\/v2\/types\/post"}],"author":[{"embeddable":true,"href":"https:\/\/corrientesdetarde.com\/index.php\/wp-json\/wp\/v2\/users\/6"}],"replies":[{"embeddable":true,"href":"https:\/\/corrientesdetarde.com\/index.php\/wp-json\/wp\/v2\/comments?post=71047"}],"version-history":[{"count":1,"href":"https:\/\/corrientesdetarde.com\/index.php\/wp-json\/wp\/v2\/posts\/71047\/revisions"}],"predecessor-version":[{"id":71049,"href":"https:\/\/corrientesdetarde.com\/index.php\/wp-json\/wp\/v2\/posts\/71047\/revisions\/71049"}],"wp:featuredmedia":[{"embeddable":true,"href":"https:\/\/corrientesdetarde.com\/index.php\/wp-json\/wp\/v2\/media\/71048"}],"wp:attachment":[{"href":"https:\/\/corrientesdetarde.com\/index.php\/wp-json\/wp\/v2\/media?parent=71047"}],"wp:term":[{"taxonomy":"category","embeddable":true,"href":"https:\/\/corrientesdetarde.com\/index.php\/wp-json\/wp\/v2\/categories?post=71047"},{"taxonomy":"post_tag","embeddable":true,"href":"https:\/\/corrientesdetarde.com\/index.php\/wp-json\/wp\/v2\/tags?post=71047"}],"curies":[{"name":"wp","href":"https:\/\/api.w.org\/{rel}","templated":true}]}}