{"id":71105,"date":"2023-07-02T22:59:03","date_gmt":"2023-07-03T01:59:03","guid":{"rendered":"https:\/\/corrientesdetarde.com\/?p=71105"},"modified":"2023-07-02T22:59:08","modified_gmt":"2023-07-03T01:59:08","slug":"rodriguez-larreta-viajo-a-san-juan-y-felicito-a-orrego-hoy-los-sanjuaninos-dijeron-basta","status":"publish","type":"post","link":"https:\/\/corrientesdetarde.com\/index.php\/nacionales\/rodriguez-larreta-viajo-a-san-juan-y-felicito-a-orrego-hoy-los-sanjuaninos-dijeron-basta\/","title":{"rendered":"Rodr\u00edguez Larreta viaj\u00f3 a San Juan y felicit\u00f3 a  Orrego: &#8220;Hoy los sanjuaninos dijeron basta&#8221;"},"content":{"rendered":"\n<p>(Corresponsalia Buenos Aires) &#8211; El precandidato presidencial de Juntos por el Cambio, Horacio Rodr\u00edguez Larreta, viaj\u00f3 a la provincia de San Juan para respaldar a Marcelo Orrego, quien impusose al frente oficialista liderado por Rub\u00e9n U\u00f1ac en las elecciones a gobernador. Junto a Larreta se presentaron otros miembros destacados del partido, como Mart\u00edn Lousteau, Miguel Pichetto, Maximiliano Ferraro, Waldo Wolf y Jos\u00e9 Luis Espert.<\/p>\n\n\n\n<p>El triunfo de Orrego fue celebrado en el b\u00fanker de campa\u00f1a cerca de las 21 horas, donde Larreta se uni\u00f3 a \u00e9l en el escenario. El alcalde porte\u00f1o felicit\u00f3 a los sanjuaninos por su elecci\u00f3n y resalt\u00f3 el fin de los gobiernos de larga duraci\u00f3n en la provincia. Adem\u00e1s, felicit\u00f3 a los dem\u00e1s candidatos que participaron en la contienda por su contribuci\u00f3n al triunfo.<\/p>\n\n\n\n<p>Larreta resalt\u00f3 la importancia de una coalici\u00f3n amplia y plural para poner fin a las pr\u00e1cticas corruptas y al atraso, haciendo referencia a la uni\u00f3n de diferentes espacios pol\u00edticos en San Juan que comparten la visi\u00f3n de cambiar la provincia. Tambi\u00e9n hizo hincapi\u00e9 en la necesidad de unidad en todo el pa\u00eds y llam\u00f3 a trabajar juntos para lograr un cambio significativo.<\/p>\n\n\n\n<p>En cuanto a los resultados, Juntos por el Cambio obtuvo el 51,13% de los votos bajo el sistema de ley de lemas, siendo Marcelo Orrego el candidato principal con el 49,31%. El frente oficialista, encabezado por Rub\u00e9n U\u00f1ac, obtuvo solo el 15,9% de los votos, mientras que el binomio Gioja-Gramajo obtuvo el 28,2%. Con estos resultados, el frente peronista Todos por San Juan logr\u00f3 el 44.17% de los votos totales.<\/p>\n\n\n\n<p><\/p>\n","protected":false},"excerpt":{"rendered":"<p>(Corresponsalia Buenos Aires) &#8211; El precandidato presidencial de Juntos por el Cambio, Horacio Rodr\u00edguez Larreta, viaj\u00f3 a la provincia de San Juan para respaldar a Marcelo Orrego, quien impusose al&hellip; <\/p>\n","protected":false},"author":11,"featured_media":71106,"comment_status":"closed","ping_status":"open","sticky":false,"template":"","format":"standard","meta":{"footnotes":""},"categories":[10],"tags":[526,773],"class_list":["post-71105","post","type-post","status-publish","format-standard","has-post-thumbnail","hentry","category-nacionales","tag-larreta","tag-orrego"],"_links":{"self":[{"href":"https:\/\/corrientesdetarde.com\/index.php\/wp-json\/wp\/v2\/posts\/71105","targetHints":{"allow":["GET"]}}],"collection":[{"href":"https:\/\/corrientesdetarde.com\/index.php\/wp-json\/wp\/v2\/posts"}],"about":[{"href":"https:\/\/corrientesdetarde.com\/index.php\/wp-json\/wp\/v2\/types\/post"}],"author":[{"embeddable":true,"href":"https:\/\/corrientesdetarde.com\/index.php\/wp-json\/wp\/v2\/users\/11"}],"replies":[{"embeddable":true,"href":"https:\/\/corrientesdetarde.com\/index.php\/wp-json\/wp\/v2\/comments?post=71105"}],"version-history":[{"count":1,"href":"https:\/\/corrientesdetarde.com\/index.php\/wp-json\/wp\/v2\/posts\/71105\/revisions"}],"predecessor-version":[{"id":71107,"href":"https:\/\/corrientesdetarde.com\/index.php\/wp-json\/wp\/v2\/posts\/71105\/revisions\/71107"}],"wp:featuredmedia":[{"embeddable":true,"href":"https:\/\/corrientesdetarde.com\/index.php\/wp-json\/wp\/v2\/media\/71106"}],"wp:attachment":[{"href":"https:\/\/corrientesdetarde.com\/index.php\/wp-json\/wp\/v2\/media?parent=71105"}],"wp:term":[{"taxonomy":"category","embeddable":true,"href":"https:\/\/corrientesdetarde.com\/index.php\/wp-json\/wp\/v2\/categories?post=71105"},{"taxonomy":"post_tag","embeddable":true,"href":"https:\/\/corrientesdetarde.com\/index.php\/wp-json\/wp\/v2\/tags?post=71105"}],"curies":[{"name":"wp","href":"https:\/\/api.w.org\/{rel}","templated":true}]}}