{"id":71378,"date":"2023-07-04T08:36:31","date_gmt":"2023-07-04T11:36:31","guid":{"rendered":"https:\/\/corrientesdetarde.com\/?p=71378"},"modified":"2023-07-04T08:36:52","modified_gmt":"2023-07-04T11:36:52","slug":"inflacion-nueva-amenaza-de-paro-de-los-puesteros-del-mercado-central","status":"publish","type":"post","link":"https:\/\/corrientesdetarde.com\/index.php\/economia\/inflacion-nueva-amenaza-de-paro-de-los-puesteros-del-mercado-central\/","title":{"rendered":"Inflaci\u00f3n: nueva amenaza de paro de los puesteros del Mercado Central"},"content":{"rendered":"\n<p>Los frutihort\u00edcolas del Mercado Central definieron realizar un cese de operaciones el mi\u00e9rcoles. Las autoridades convocaron a los operadores a una reuni\u00f3n para frenar la medida de fuerza.<\/p>\n\n\n\n<p>El clima volvi\u00f3 a recalentarse en el<strong>&nbsp;Mercado Central<\/strong>&nbsp;y los puesteros amenazan con una medida de fuerza para este mi\u00e9rcoles por el incumplimiento del acta firmada por la conducci\u00f3n de la entidad, hace un mes.<\/p>\n\n\n\n<p>Ante esta situaci\u00f3n, que comenz\u00f3 a gestarse la semana pasada, el directorio del Mercado llam\u00f3 a una nueva reuni\u00f3n para ma\u00f1ana con el objetivo de detener la medida de fuerza. La paz entre&nbsp;<strong>Ra\u00fal D\u00edaz<\/strong>, el hombre enviado por el ministro de Econom\u00eda, Sergio Massa, al Mercado central y los puesteros&nbsp;<strong>dur\u00f3 apenas un mes<\/strong>.<\/p>\n\n\n\n<p>A horas de su llegada a la Corporaci\u00f3n, D\u00edaz recibi\u00f3 a los operadores que por entonces tambi\u00e9n planeaban un cese de actividades. Despu\u00e9s de una extensa reuni\u00f3n, se firm\u00f3 un acta acuerdo que es ahora la disparadora de la nueva medida.<\/p>\n\n\n\n<p>El acta firmada por D\u00edaz (director por Naci\u00f3n) y Ezequiel Capelli (por la Ciudad) y las c\u00e1maras que nuclean a los operadores (Combaires, Comafru y Fennap) acordaba \u201cequiparar los c\u00e1nones de los contratos renovados durante el 2022 y este a\u00f1o al precio estipulado en&nbsp;<strong>los contratos hist\u00f3ricos que no se han renovado a\u00fan<\/strong>&nbsp;y a suspender los aumentos de los c\u00e1nones hasta el 1 de noviembre\u201d.<\/p>\n\n\n\n<p>Adem\u00e1s, se estableci\u00f3 que &#8220;los operadores que hayan abonado los c\u00e1nones con contrato renovados en exceso al monto fijado por aquellos no renovados, se les extender\u00e1 una&nbsp;<strong>nota de cr\u00e9dito<\/strong>&nbsp;por esas sumas&#8221;.<\/p>\n\n\n\n<p>Por otra parte, la Corporaci\u00f3n se compromet\u00eda a suprimir el refuerzo de garant\u00eda contractual. Tambi\u00e9n, se conform\u00f3 una mesa de trabajo permanente para tratar distintos problemas pero en la \u00faltima reuni\u00f3n, a poco de llegar las autoridades definieron la medida de fuerza.<\/p>\n\n\n\n<p>D\u00edaz fue puesto en el cargo por Massa para ser un&nbsp;<strong>engranaje m\u00e1s del equipo en la b\u00fasqueda de frenar los precios de alimentos<\/strong>. Por eso, la realizaci\u00f3n de un paro puede convertirse en una mala noticia para el Gobierno que ha conseguido una desaceleraci\u00f3n en la suba del precio de los alimentos. Un punto clave en los bolsillos de los argentinos.<\/p>\n\n\n\n<p>Por eso, la entidad renov\u00f3 el acuerdo de precios de la feria minorista y otro con los mayoristas que, en algunos casos venci\u00f3 el 30 de junio y deber\u00e1n ser renovados con las c\u00e1maras que hoy est\u00e1n encabezando la medida de fuerza.<\/p>\n","protected":false},"excerpt":{"rendered":"<p>Los frutihort\u00edcolas del Mercado Central definieron realizar un cese de operaciones el mi\u00e9rcoles. Las autoridades convocaron a los operadores a una reuni\u00f3n para frenar la medida de fuerza. El clima&hellip; <\/p>\n","protected":false},"author":4,"featured_media":71395,"comment_status":"closed","ping_status":"open","sticky":false,"template":"","format":"standard","meta":{"footnotes":""},"categories":[20],"tags":[],"class_list":["post-71378","post","type-post","status-publish","format-standard","has-post-thumbnail","hentry","category-economia"],"_links":{"self":[{"href":"https:\/\/corrientesdetarde.com\/index.php\/wp-json\/wp\/v2\/posts\/71378","targetHints":{"allow":["GET"]}}],"collection":[{"href":"https:\/\/corrientesdetarde.com\/index.php\/wp-json\/wp\/v2\/posts"}],"about":[{"href":"https:\/\/corrientesdetarde.com\/index.php\/wp-json\/wp\/v2\/types\/post"}],"author":[{"embeddable":true,"href":"https:\/\/corrientesdetarde.com\/index.php\/wp-json\/wp\/v2\/users\/4"}],"replies":[{"embeddable":true,"href":"https:\/\/corrientesdetarde.com\/index.php\/wp-json\/wp\/v2\/comments?post=71378"}],"version-history":[{"count":1,"href":"https:\/\/corrientesdetarde.com\/index.php\/wp-json\/wp\/v2\/posts\/71378\/revisions"}],"predecessor-version":[{"id":71396,"href":"https:\/\/corrientesdetarde.com\/index.php\/wp-json\/wp\/v2\/posts\/71378\/revisions\/71396"}],"wp:featuredmedia":[{"embeddable":true,"href":"https:\/\/corrientesdetarde.com\/index.php\/wp-json\/wp\/v2\/media\/71395"}],"wp:attachment":[{"href":"https:\/\/corrientesdetarde.com\/index.php\/wp-json\/wp\/v2\/media?parent=71378"}],"wp:term":[{"taxonomy":"category","embeddable":true,"href":"https:\/\/corrientesdetarde.com\/index.php\/wp-json\/wp\/v2\/categories?post=71378"},{"taxonomy":"post_tag","embeddable":true,"href":"https:\/\/corrientesdetarde.com\/index.php\/wp-json\/wp\/v2\/tags?post=71378"}],"curies":[{"name":"wp","href":"https:\/\/api.w.org\/{rel}","templated":true}]}}