{"id":71380,"date":"2023-07-04T08:20:45","date_gmt":"2023-07-04T11:20:45","guid":{"rendered":"https:\/\/corrientesdetarde.com\/?p=71380"},"modified":"2023-07-04T08:20:49","modified_gmt":"2023-07-04T11:20:49","slug":"proximos-tres-meses-alertan-lluvias-y-temperaturas-mas-altas-de-las-normales","status":"publish","type":"post","link":"https:\/\/corrientesdetarde.com\/index.php\/clima\/proximos-tres-meses-alertan-lluvias-y-temperaturas-mas-altas-de-las-normales\/","title":{"rendered":"pr\u00f3ximos tres meses: Alertan lluvias y temperaturas m\u00e1s altas de las normales"},"content":{"rendered":"\n<p>Estiman que habr\u00e1 jornadas donde la temperatura superar\u00e1 los 40\u00baC. El aumento de las precipitaciones estar\u00eda relacionado con el fen\u00f3meno El Ni\u00f1o.\u00a0<\/p>\n\n\n\n<p>Especialistas se\u00f1alan que las temperaturas y precipitaciones podr\u00edan ser superiores a las normales en el per\u00edodo de invierno, que comprende los meses de julio, agosto y septiembre.&nbsp;<\/p>\n\n\n\n<p>La m\u00e1xima podr\u00eda alcanzar hasta los 45 \u00b0C, por lo que ser\u00e1 un \u201ctrimestre m\u00e1s c\u00e1lido de lo normal\u201d y las lluvias podr\u00edan superar los valores hist\u00f3ricos dados hasta el momento.&nbsp;<\/p>\n\n\n\n<p>Los pron\u00f3sticos con \u00edndices de altas temperaturas y abundantes lluvias pueden estar relacionados con la llegada del fen\u00f3meno de El Ni\u00f1o, que comenzar\u00eda a manifestarse a fines de este mes.<\/p>\n\n\n\n<p>Seg\u00fan la \u00faltima actualizaci\u00f3n del pron\u00f3stico trimestral, realizado por el Servicio Meteorol\u00f3gico Nacional, se indica que \u201cel pr\u00f3ximo trimestre habr\u00e1 lluvias superiores a las normales para la \u00e9poca en toda la provincia. Con una probabilidad de entre el 45% a 50 %, por lo tanto se prev\u00e9 un trimestre m\u00e1s h\u00famedo de lo normal\u201d.&nbsp;<\/p>\n\n\n\n<p>En cuanto a las temperaturas medias de julio, agosto y septiembre, las tendencias clim\u00e1ticas se esperan valores superiores normales para la \u00e9poca, tambi\u00e9n con una probabilidad de entre el 45% y 50%.<\/p>\n\n\n\n<p>De este modo, no se descarta que en la zona la amplitud t\u00e9rmica pueda ser superior a las normales, con mayor frecuencia de temperaturas m\u00e1ximas m\u00e1s altas que lo normal y temperaturas m\u00e1s bajas.&nbsp;<\/p>\n\n\n\n<p>El pron\u00f3stico extendido para esta semana se\u00f1ala que hasta el jueves se prev\u00e9 un ascenso de temperaturas con valores que podr\u00edan llegar a los 30 \u00b0C, seg\u00fan el Instituto de Clima y Agua dependiente del Instituto Nacional de Tecnolog\u00eda Agropecuaria (Inta).&nbsp;<\/p>\n\n\n\n<p>Mientras que para el viernes se prev\u00e9 un pasaje de vientos fr\u00edos con lluvias y tormentas dispersas sobre el este de la provincia.&nbsp;<\/p>\n\n\n\n<p>Por lo que durante todo el fin de semana se pronostica tiempo inestable y nuboso con vientos del sector este, se\u00f1al\u00f3 el ente nacional.&nbsp;<\/p>\n","protected":false},"excerpt":{"rendered":"<p>Estiman que habr\u00e1 jornadas donde la temperatura superar\u00e1 los 40\u00baC. El aumento de las precipitaciones estar\u00eda relacionado con el fen\u00f3meno El Ni\u00f1o.\u00a0 Especialistas se\u00f1alan que las temperaturas y precipitaciones podr\u00edan&hellip; <\/p>\n","protected":false},"author":4,"featured_media":71386,"comment_status":"closed","ping_status":"open","sticky":false,"template":"","format":"standard","meta":{"footnotes":""},"categories":[29],"tags":[],"class_list":["post-71380","post","type-post","status-publish","format-standard","has-post-thumbnail","hentry","category-clima"],"_links":{"self":[{"href":"https:\/\/corrientesdetarde.com\/index.php\/wp-json\/wp\/v2\/posts\/71380","targetHints":{"allow":["GET"]}}],"collection":[{"href":"https:\/\/corrientesdetarde.com\/index.php\/wp-json\/wp\/v2\/posts"}],"about":[{"href":"https:\/\/corrientesdetarde.com\/index.php\/wp-json\/wp\/v2\/types\/post"}],"author":[{"embeddable":true,"href":"https:\/\/corrientesdetarde.com\/index.php\/wp-json\/wp\/v2\/users\/4"}],"replies":[{"embeddable":true,"href":"https:\/\/corrientesdetarde.com\/index.php\/wp-json\/wp\/v2\/comments?post=71380"}],"version-history":[{"count":1,"href":"https:\/\/corrientesdetarde.com\/index.php\/wp-json\/wp\/v2\/posts\/71380\/revisions"}],"predecessor-version":[{"id":71387,"href":"https:\/\/corrientesdetarde.com\/index.php\/wp-json\/wp\/v2\/posts\/71380\/revisions\/71387"}],"wp:featuredmedia":[{"embeddable":true,"href":"https:\/\/corrientesdetarde.com\/index.php\/wp-json\/wp\/v2\/media\/71386"}],"wp:attachment":[{"href":"https:\/\/corrientesdetarde.com\/index.php\/wp-json\/wp\/v2\/media?parent=71380"}],"wp:term":[{"taxonomy":"category","embeddable":true,"href":"https:\/\/corrientesdetarde.com\/index.php\/wp-json\/wp\/v2\/categories?post=71380"},{"taxonomy":"post_tag","embeddable":true,"href":"https:\/\/corrientesdetarde.com\/index.php\/wp-json\/wp\/v2\/tags?post=71380"}],"curies":[{"name":"wp","href":"https:\/\/api.w.org\/{rel}","templated":true}]}}