{"id":71394,"date":"2023-07-04T09:42:40","date_gmt":"2023-07-04T12:42:40","guid":{"rendered":"https:\/\/corrientesdetarde.com\/?p=71394"},"modified":"2023-07-04T09:43:02","modified_gmt":"2023-07-04T12:43:02","slug":"putin-tiene-una-invitacion-para-visitar-cuba-dice-el-embajador-ruso","status":"publish","type":"post","link":"https:\/\/corrientesdetarde.com\/index.php\/internacionales\/putin-tiene-una-invitacion-para-visitar-cuba-dice-el-embajador-ruso\/","title":{"rendered":"Putin tiene una invitacion para visitar Cuba, dice el embajador ruso"},"content":{"rendered":"\n<p>El diplom\u00e1tico destacado por Mosc\u00fa en La Habana no ofreci\u00f3 una fecha para ese desplazamiento.<\/p>\n\n\n\n<p><strong>El embajador de Rusia en\u00a0Cuba, Viktor Koronelli, inform\u00f3 que el\u00a0presidente\u00a0Vlad\u00edmir Putin\u00a0tiene una invitaci\u00f3n para visitar la\u00a0isla caribe\u00f1a,<\/strong>\u00a0pero que advirti\u00f3 es demasiado pronto para hablar de los\u00a0preparativos para tal viaje.<\/p>\n\n\n\n<p><strong>&#8220;Vladimir Vladimirovich (Putin) tiene una invitaci\u00f3n, pero no s\u00e9&nbsp;c\u00f3mo se alinear\u00e1n sus aviones. El presidente de Cuba estuvo en Mosc\u00fa no hace mucho, en&nbsp;noviembre del a\u00f1o pasado, as\u00ed que no ha pasado mucho tiempo&#8221;.&#8221;,<\/strong>&nbsp;fueron las palabras atribuidas al diplom\u00e1tico por la agencia estatal RIA.&nbsp;<\/p>\n\n\n\n<p><strong>Cuba y Rusia<\/strong>, aliados pol\u00edticos desde hace tiempo -ambos sometidos&nbsp;a sanciones estadounidenses-, han incrementado sus lazos&nbsp;econ\u00f3micos facilitando el comercio y la inversi\u00f3n para eludir esas&nbsp;restricciones.<\/p>\n\n\n\n<p><strong>Cuba<\/strong>&nbsp;recibi\u00f3 66.000 turistas procedentes de Rusia en lo que va&nbsp;de a\u00f1o y la reanudaci\u00f3n de los vuelos regulares de Aeroflot&nbsp;probablemente supondr\u00e1 que un total de 100.000 rusos visiten la&nbsp;isla en 2023, dijo Koronelli.<\/p>\n\n\n\n<p>Cuando se reuni\u00f3 con&nbsp;<strong>Putin<\/strong>&nbsp;en 2022, el presidente cubano, Miguel&nbsp;D\u00edaz-Canel, transmiti\u00f3 al jefe del Kremlin un saludo personal del&nbsp;exl\u00edder cubano Ra\u00fal Castro y conden\u00f3 las sanciones de Occidente a&nbsp;Rusia.<\/p>\n\n\n\n<p>&#8220;Me gustar\u00eda decir de nuevo que&nbsp;<strong>Rusia<\/strong>&nbsp;siempre puede contar con&nbsp;Cuba, con todas nuestras aspiraciones y voluntad. Seguiremos haciendo todo lo&nbsp;posible para que nuestras relaciones sigan creciendo y&nbsp;fortaleci\u00e9ndose&#8221;,&nbsp;dijo a&nbsp; Putin,&nbsp;seg\u00fan una transcripci\u00f3n del Kremlin.<\/p>\n","protected":false},"excerpt":{"rendered":"<p>El diplom\u00e1tico destacado por Mosc\u00fa en La Habana no ofreci\u00f3 una fecha para ese desplazamiento. El embajador de Rusia en\u00a0Cuba, Viktor Koronelli, inform\u00f3 que el\u00a0presidente\u00a0Vlad\u00edmir Putin\u00a0tiene una invitaci\u00f3n para visitar&hellip; <\/p>\n","protected":false},"author":4,"featured_media":71408,"comment_status":"closed","ping_status":"open","sticky":false,"template":"","format":"standard","meta":{"footnotes":""},"categories":[11],"tags":[],"class_list":["post-71394","post","type-post","status-publish","format-standard","has-post-thumbnail","hentry","category-internacionales"],"_links":{"self":[{"href":"https:\/\/corrientesdetarde.com\/index.php\/wp-json\/wp\/v2\/posts\/71394","targetHints":{"allow":["GET"]}}],"collection":[{"href":"https:\/\/corrientesdetarde.com\/index.php\/wp-json\/wp\/v2\/posts"}],"about":[{"href":"https:\/\/corrientesdetarde.com\/index.php\/wp-json\/wp\/v2\/types\/post"}],"author":[{"embeddable":true,"href":"https:\/\/corrientesdetarde.com\/index.php\/wp-json\/wp\/v2\/users\/4"}],"replies":[{"embeddable":true,"href":"https:\/\/corrientesdetarde.com\/index.php\/wp-json\/wp\/v2\/comments?post=71394"}],"version-history":[{"count":1,"href":"https:\/\/corrientesdetarde.com\/index.php\/wp-json\/wp\/v2\/posts\/71394\/revisions"}],"predecessor-version":[{"id":71409,"href":"https:\/\/corrientesdetarde.com\/index.php\/wp-json\/wp\/v2\/posts\/71394\/revisions\/71409"}],"wp:featuredmedia":[{"embeddable":true,"href":"https:\/\/corrientesdetarde.com\/index.php\/wp-json\/wp\/v2\/media\/71408"}],"wp:attachment":[{"href":"https:\/\/corrientesdetarde.com\/index.php\/wp-json\/wp\/v2\/media?parent=71394"}],"wp:term":[{"taxonomy":"category","embeddable":true,"href":"https:\/\/corrientesdetarde.com\/index.php\/wp-json\/wp\/v2\/categories?post=71394"},{"taxonomy":"post_tag","embeddable":true,"href":"https:\/\/corrientesdetarde.com\/index.php\/wp-json\/wp\/v2\/tags?post=71394"}],"curies":[{"name":"wp","href":"https:\/\/api.w.org\/{rel}","templated":true}]}}