{"id":71410,"date":"2023-07-04T09:53:43","date_gmt":"2023-07-04T12:53:43","guid":{"rendered":"https:\/\/corrientesdetarde.com\/?p=71410"},"modified":"2023-07-04T09:53:47","modified_gmt":"2023-07-04T12:53:47","slug":"ataque-ruso-con-drones-deja-dos-muertos-en-una-ciudad-del-norte-de-ucrania","status":"publish","type":"post","link":"https:\/\/corrientesdetarde.com\/index.php\/internacionales\/ataque-ruso-con-drones-deja-dos-muertos-en-una-ciudad-del-norte-de-ucrania\/","title":{"rendered":"Ataque ruso con drones deja dos muertos en una ciudad del norte de Ucrania"},"content":{"rendered":"\n<p>Un edificio oficial y dos residenciales resultaron da\u00f1ados en un ataque llevado a cabo con cuatro drones, dijo la administraci\u00f3n regional de Sumy en la aplicaci\u00f3n de mensajer\u00eda Telegram.<\/p>\n\n\n\n<p><strong>Al menos dos personas murieron y otras 19 resultaron heridas el lunes en un\u00a0ataque ruso con drones\u00a0contra la ciudad de Sumy<\/strong>, en el norte de Ucrania, informaron las autoridades locales.<\/p>\n\n\n\n<p>Un edificio oficial y dos edificios residenciales resultaron da\u00f1ados en un ataque llevado a cabo con cuatro drones, dijo la administraci\u00f3n regional de Sumy en la aplicaci\u00f3n de mensajer\u00eda Telegram.<\/p>\n\n\n\n<p>Im\u00e1genes del lugar de los hechos publicadas por el servicio estatal de emergencias ucraniano mostraban&nbsp;<strong>edificios destrozados y patios sembrados de escombros<\/strong>&nbsp;mientras los equipos de rescate combat\u00edan un incendio.<\/p>\n\n\n\n<p>Varias horas despu\u00e9s del ataque matutino se declar\u00f3 otra alerta antia\u00e9rea en la regi\u00f3n de Sumy y las fuerzas a\u00e9reas ucranianas advirtieron de que podr\u00edan estar en camino m\u00e1s drones.<\/p>\n\n\n\n<p>El ej\u00e9rcito de Kiev hab\u00eda informado anteriormente el lunes que<strong>&nbsp;hab\u00eda derribado 13 de los 17 drones Shahed<\/strong>&nbsp;<strong>de fabricaci\u00f3n iran\u00ed lanzados por Mosc\u00fa<\/strong>&nbsp;durante la noche en un ataque separado en varias partes del pa\u00eds.<\/p>\n\n\n\n<p>Rusia, que lanz\u00f3 su invasi\u00f3n a gran escala de Ucrania en febrero de 2022, ha intensificado los ataques a\u00e9reos contra Ucrania en las \u00faltimas semanas y Ucrania ha lanzado una contraofensiva para tratar de recuperar el territorio ocupado.<\/p>\n","protected":false},"excerpt":{"rendered":"<p>Un edificio oficial y dos residenciales resultaron da\u00f1ados en un ataque llevado a cabo con cuatro drones, dijo la administraci\u00f3n regional de Sumy en la aplicaci\u00f3n de mensajer\u00eda Telegram. Al&hellip; <\/p>\n","protected":false},"author":4,"featured_media":71417,"comment_status":"closed","ping_status":"open","sticky":false,"template":"","format":"standard","meta":{"footnotes":""},"categories":[11],"tags":[],"class_list":["post-71410","post","type-post","status-publish","format-standard","has-post-thumbnail","hentry","category-internacionales"],"_links":{"self":[{"href":"https:\/\/corrientesdetarde.com\/index.php\/wp-json\/wp\/v2\/posts\/71410","targetHints":{"allow":["GET"]}}],"collection":[{"href":"https:\/\/corrientesdetarde.com\/index.php\/wp-json\/wp\/v2\/posts"}],"about":[{"href":"https:\/\/corrientesdetarde.com\/index.php\/wp-json\/wp\/v2\/types\/post"}],"author":[{"embeddable":true,"href":"https:\/\/corrientesdetarde.com\/index.php\/wp-json\/wp\/v2\/users\/4"}],"replies":[{"embeddable":true,"href":"https:\/\/corrientesdetarde.com\/index.php\/wp-json\/wp\/v2\/comments?post=71410"}],"version-history":[{"count":1,"href":"https:\/\/corrientesdetarde.com\/index.php\/wp-json\/wp\/v2\/posts\/71410\/revisions"}],"predecessor-version":[{"id":71418,"href":"https:\/\/corrientesdetarde.com\/index.php\/wp-json\/wp\/v2\/posts\/71410\/revisions\/71418"}],"wp:featuredmedia":[{"embeddable":true,"href":"https:\/\/corrientesdetarde.com\/index.php\/wp-json\/wp\/v2\/media\/71417"}],"wp:attachment":[{"href":"https:\/\/corrientesdetarde.com\/index.php\/wp-json\/wp\/v2\/media?parent=71410"}],"wp:term":[{"taxonomy":"category","embeddable":true,"href":"https:\/\/corrientesdetarde.com\/index.php\/wp-json\/wp\/v2\/categories?post=71410"},{"taxonomy":"post_tag","embeddable":true,"href":"https:\/\/corrientesdetarde.com\/index.php\/wp-json\/wp\/v2\/tags?post=71410"}],"curies":[{"name":"wp","href":"https:\/\/api.w.org\/{rel}","templated":true}]}}