{"id":71411,"date":"2023-07-04T09:46:31","date_gmt":"2023-07-04T12:46:31","guid":{"rendered":"https:\/\/corrientesdetarde.com\/?p=71411"},"modified":"2023-07-04T09:46:35","modified_gmt":"2023-07-04T12:46:35","slug":"intenso-ataque-israeli-en-cisjordania-con-un-saldo-de-ocho-muertos-y-medio-centenar-de-heridos","status":"publish","type":"post","link":"https:\/\/corrientesdetarde.com\/index.php\/internacionales\/intenso-ataque-israeli-en-cisjordania-con-un-saldo-de-ocho-muertos-y-medio-centenar-de-heridos\/","title":{"rendered":"Intenso ataque israel\u00ed en Cisjordania con un saldo de ocho muertos y medio centenar de heridos"},"content":{"rendered":"\n<p>Se trata de la ofensiva contra palestinos m\u00e1s importante en casi dos d\u00e9cadas.<\/p>\n\n\n\n<p>El Ej\u00e9rcito israel\u00ed lanz\u00f3 hoy por la ma\u00f1ana un ataque militar a gran escala en la ciudad de Yenin, en el norte de Cisjordania, con un saldo de al menos ocho muertos y medio centenar de heridos.<\/p>\n\n\n\n<p><strong>La ofensiva israel\u00ed en Yen\u00edn era una operaci\u00f3n militar a gran escala por tierra y aire contra milicias palestinas, la mayor desde la Segunda Intifada (2000-05).<\/strong><\/p>\n\n\n\n<p>El Ministerio de Sanidad palestino confirm\u00f3 que los muertos en Yen\u00edn se elevaron a ocho desde que comenz\u00f3 la incursi\u00f3n esta madrugada, que ha dejado unos cincuenta heridos, diez de ellos en estado grave. Al menos cinco eran milicianos, seg\u00fan fuentes locales citadas por la agencia Reuters.<\/p>\n\n\n\n<p>Adem\u00e1s, un joven palestino muri\u00f3 este lunes por disparos israel\u00edes en Al Bireh, cerca de Ramala, lo que eleva los muertos en esta jornada a nueve.<\/p>\n\n\n\n<p><strong>\u201cActualmente se est\u00e1n produciendo intercambios de disparos con hombres armados adyacentes a una mezquita en el campamento de Yenin. Un avi\u00f3n de la fuerza a\u00e9rea atac\u00f3 cerca para eliminar una amenaz<\/strong>a\u201d, inform\u00f3 el Ej\u00e9rcito israel\u00ed en uno de los \u00faltimos reportes.<\/p>\n\n\n\n<p>Decenas de veh\u00edculos blindados respaldados por drones y helic\u00f3pteros asaltaron la ciudad y el campo de refugiados, indicaron testigos palestinos citados por la agencia&nbsp;<em>Xinhua<\/em>. Explicaron que se llevaron a cabo ataques a\u00e9reos durante el intercambio de disparos entre los milicianos palestinos y soldados israel\u00edes.<\/p>\n\n\n\n<p>Por su parte,<strong>&nbsp;el Ej\u00e9rcito israel\u00ed inform\u00f3 que alcanz\u00f3 un &#8220;centro de operaciones conjuntas&#8221; que serv\u00eda como centro de comando para los combatientes de las Brigadas de Yenin<\/strong>, una unidad armada compuesta por combatientes de diferentes grupos militantes. Declin\u00f3 especificar si el ataque del lunes tambi\u00e9n involucr\u00f3 drones.<\/p>\n\n\n\n<p>Seg\u00fan testigos palestinos, las fuerzas israel\u00edes entraron en Yenin poco despu\u00e9s de que comenzaran los ataques a\u00e9reos, y los enfrentamientos armados estallaron entre los soldados de Israel y milicianos palestinos.<\/p>\n\n\n\n<p>Israel Radio inform\u00f3 que el primer ministro israel\u00ed, Benjamin Netanyahu, quien sostuvo una reuni\u00f3n con los l\u00edderes de seguridad del pa\u00eds el domingo por la noche, recibi\u00f3 informaci\u00f3n actualizada a medida que continuaba la operaci\u00f3n.<\/p>\n\n\n\n<p>La parte palestina critic\u00f3 el domingo a Netanyahu por su pol\u00edtica de motivar a los colonos israel\u00edes a cometer m\u00e1s cr\u00edmenes contra los palestinos.<\/p>\n\n\n\n<p><strong>&#8220;El alarde de Netanyahu de matar a un gran n\u00famero de palestinos desde la formaci\u00f3n de su gobierno motiva a los colonos a cometer m\u00e1s cr\u00edmenes contra nuestro pueblo&#8221;<\/strong>, denunci\u00f3 el Ministerio de Relaciones Exteriores palestino en un comunicado.<\/p>\n\n\n\n<p>Desde enero, 24 personas, la mayor\u00eda israel\u00edes, murieron en una serie de ataques llevados a cabo por los milicianos palestinos, y m\u00e1s de 175 palestinos, incluidos ni\u00f1os y mujeres, fueron asesinados por los soldados y colonos israel\u00edes, seg\u00fan cifras oficiales.<\/p>\n","protected":false},"excerpt":{"rendered":"<p>Se trata de la ofensiva contra palestinos m\u00e1s importante en casi dos d\u00e9cadas. El Ej\u00e9rcito israel\u00ed lanz\u00f3 hoy por la ma\u00f1ana un ataque militar a gran escala en la ciudad&hellip; <\/p>\n","protected":false},"author":4,"featured_media":71412,"comment_status":"closed","ping_status":"open","sticky":false,"template":"","format":"standard","meta":{"footnotes":""},"categories":[11],"tags":[],"class_list":["post-71411","post","type-post","status-publish","format-standard","has-post-thumbnail","hentry","category-internacionales"],"_links":{"self":[{"href":"https:\/\/corrientesdetarde.com\/index.php\/wp-json\/wp\/v2\/posts\/71411","targetHints":{"allow":["GET"]}}],"collection":[{"href":"https:\/\/corrientesdetarde.com\/index.php\/wp-json\/wp\/v2\/posts"}],"about":[{"href":"https:\/\/corrientesdetarde.com\/index.php\/wp-json\/wp\/v2\/types\/post"}],"author":[{"embeddable":true,"href":"https:\/\/corrientesdetarde.com\/index.php\/wp-json\/wp\/v2\/users\/4"}],"replies":[{"embeddable":true,"href":"https:\/\/corrientesdetarde.com\/index.php\/wp-json\/wp\/v2\/comments?post=71411"}],"version-history":[{"count":1,"href":"https:\/\/corrientesdetarde.com\/index.php\/wp-json\/wp\/v2\/posts\/71411\/revisions"}],"predecessor-version":[{"id":71413,"href":"https:\/\/corrientesdetarde.com\/index.php\/wp-json\/wp\/v2\/posts\/71411\/revisions\/71413"}],"wp:featuredmedia":[{"embeddable":true,"href":"https:\/\/corrientesdetarde.com\/index.php\/wp-json\/wp\/v2\/media\/71412"}],"wp:attachment":[{"href":"https:\/\/corrientesdetarde.com\/index.php\/wp-json\/wp\/v2\/media?parent=71411"}],"wp:term":[{"taxonomy":"category","embeddable":true,"href":"https:\/\/corrientesdetarde.com\/index.php\/wp-json\/wp\/v2\/categories?post=71411"},{"taxonomy":"post_tag","embeddable":true,"href":"https:\/\/corrientesdetarde.com\/index.php\/wp-json\/wp\/v2\/tags?post=71411"}],"curies":[{"name":"wp","href":"https:\/\/api.w.org\/{rel}","templated":true}]}}