{"id":71419,"date":"2023-07-04T10:17:23","date_gmt":"2023-07-04T13:17:23","guid":{"rendered":"https:\/\/corrientesdetarde.com\/?p=71419"},"modified":"2023-07-04T10:17:44","modified_gmt":"2023-07-04T13:17:44","slug":"el-mundo-bate-records-de-temperatura-terrestre-y-marina-en-2023","status":"publish","type":"post","link":"https:\/\/corrientesdetarde.com\/index.php\/internacionales\/el-mundo-bate-records-de-temperatura-terrestre-y-marina-en-2023\/","title":{"rendered":"El mundo bate r\u00e9cords de temperatura terrestre y marina en 2023"},"content":{"rendered":"\n<p>Si bien las temperaturas medias ya hab\u00edan superado temporalmente el umbral de 1,5\u00baC, fue la primera vez que esto ocurri\u00f3 en el verano del hemisferio norte, que comienza el 1 de junio.<\/p>\n\n\n\n<p><strong>El objetivo de que el\u00a0calentamiento mundial\u00a0sea menor a 1,5 grados cent\u00edgrados est\u00e1 cada vez m\u00e1s lejos de alcanzarse<\/strong>, seg\u00fan expertos en clima, ya que los pa\u00edses no han fijado metas m\u00e1s ambiciosas a pesar de meses de calor r\u00e9cord en tierra y mar.<\/p>\n\n\n\n<p>Seg\u00fan el Servicio de Cambio Clim\u00e1tico Copernicus (C3S), financiado por la UE, cuando los enviados se reunieron en Bonn a principios de junio para preparar las negociaciones sobre el clima de este a\u00f1o, en noviembre, la temperatura promedio del aire en la superficie del planeta super\u00f3 en m\u00e1s de 1,5\u00baC los niveles preindustriales durante varios d\u00edas.<\/p>\n\n\n\n<p>Si bien las temperaturas medias ya hab\u00edan superado temporalmente el umbral de 1,5\u00baC,&nbsp;<strong>fue la primera vez que esto ocurri\u00f3 en el verano del hemisferio norte, que comienza el 1 de junio. Las temperaturas del mar tambi\u00e9n batieron r\u00e9cords en abril y mayo.<\/strong><\/p>\n\n\n\n<p>&#8220;Nos hemos quedado sin tiempo porque el cambio lleva su tiempo&#8221;, afirm\u00f3 Sarah Perkins-Kirkpatrick, climat\u00f3loga de la universidad australiana de Nueva Gales del Sur.<\/p>\n\n\n\n<p>Mientras los enviados de los dos mayores emisores de gases de efecto invernadero se preparan para reunirse el mes que viene, las temperaturas bat\u00edan r\u00e9cords en junio en la capital china, Pek\u00edn, y las olas de calor extremo azotaban Estados Unidos.<\/p>\n\n\n\n<p>En algunas zonas de Norteam\u00e9rica, se super\u00f3 en unos 10 grados el promedio estacional, y el humo de los incendios forestales cubri\u00f3 Canad\u00e1 y la costa este de Estados Unidos con una peligrosa neblina, con unas emisiones de carbono estimadas en una cifra r\u00e9cord de 160 millones de toneladas m\u00e9tricas.<\/p>\n\n\n\n<p>En la India, una de las regiones m\u00e1s vulnerables al clima, se inform\u00f3 de que las muertes se hab\u00edan disparado como consecuencia de las altas temperaturas sostenidas, y ha habido calor extremo en Espa\u00f1a, Ir\u00e1n y Vietnam, lo que hace temer que el verano mortal del a\u00f1o pasado se convierta en la norma.<\/p>\n\n\n\n<p>Los pa\u00edses acordaron en Par\u00eds en 2015 intentar mantener el aumento de la temperatura promedio a largo plazo dentro de 1,5 \u00baC, pero ahora hay un 66% de probabilidad de que el promedio anual supere el umbral de 1,5 \u00baC durante al menos un a\u00f1o completo de aqu\u00ed a 2027, predijo en mayo la Organizaci\u00f3n Meteorol\u00f3gica Mundial.<\/p>\n\n\n\n<h2 class=\"wp-block-heading\">Calentamiento global: cu\u00e1druple golpe<\/h2>\n\n\n\n<p><strong>A las altas temperaturas terrestres se han sumado las marinas<\/strong>, con un calentamiento intensificado por El Ni\u00f1o y otros factores.<\/p>\n\n\n\n<p>La temperatura promedio mundial de la superficie del mar alcanz\u00f3 los 21 \u00baC a finales de marzo y se ha mantenido en niveles r\u00e9cord para la \u00e9poca del a\u00f1o durante abril y mayo. La agencia meteorol\u00f3gica australiana advirti\u00f3 que las temperaturas de los oc\u00e9anos Pac\u00edfico e \u00cdndico podr\u00edan ser 3\u00baC m\u00e1s altas de lo normal en octubre.<\/p>\n\n\n\n<p>Seg\u00fan Piers Forster, catedr\u00e1tico de F\u00edsica del Clima de la Universidad de Leeds, el calentamiento global es el principal factor, pero tambi\u00e9n son culpables El Ni\u00f1o, la disminuci\u00f3n del polvo sahariano que sopla sobre el oc\u00e9ano y el uso de combustibles mar\u00edtimos bajos en azufre.<\/p>\n\n\n\n<p><strong>&#8220;En total, los oc\u00e9anos est\u00e1n sufriendo un cu\u00e1druple golpe<\/strong>&#8220;, afirma. &#8220;Es una se\u00f1al de lo que est\u00e1 por venir&#8221;, agreg\u00f3.<\/p>\n\n\n\n<p>Miles de peces muertos han aparecido en las playas de Texas, y tambi\u00e9n se ha culpado a la proliferaci\u00f3n de algas inducida por el calor de la muerte de leones marinos y delfines en California.<\/p>\n\n\n\n<p>Los mares m\u00e1s c\u00e1lidos tambi\u00e9n podr\u00edan significar menos viento y lluvia, creando un c\u00edrculo vicioso que conduce a a\u00fan m\u00e1s calor, dijo Annalisa Bracco, climat\u00f3loga del Instituto de Tecnolog\u00eda de Georgia.<\/p>\n\n\n\n<p>Aunque las altas temperaturas del mar de este a\u00f1o se deben a una &#8220;combinaci\u00f3n perfecta&#8221; de circunstancias, el impacto ecol\u00f3gico podr\u00eda perdurar, afirm\u00f3.<\/p>\n\n\n\n<p>&#8220;El oc\u00e9ano va a tener una respuesta muy lenta, ya que acumula (calor) lentamente pero tambi\u00e9n lo conserva durante mucho tiempo&#8221;, se\u00f1al\u00f3.<\/p>\n\n\n\n<h2 class=\"wp-block-heading\">El camino a Dubai<\/h2>\n\n\n\n<p>Los expertos en clima afirman que el alcance y la frecuencia de las condiciones meteorol\u00f3gicas extremas van en aumento, y este a\u00f1o tambi\u00e9n ha habido&nbsp;<strong>sequ\u00edas castigadoras en todo el mundo,<\/strong>&nbsp;as\u00ed como un raro y mortal cicl\u00f3n en \u00c1frica.<\/p>\n\n\n\n<p>El Fondo Mundial para la Naturaleza advirti\u00f3 de una &#8220;preocupante falta de impulso&#8221; durante las conversaciones sobre el clima celebradas este mes en Bonn, con escasos avances en cuestiones clave como los combustibles f\u00f3siles y la financiaci\u00f3n antes de&nbsp;<strong>la COP28 de noviembre en Dub\u00e1i.<\/strong><\/p>\n\n\n\n<p>&#8220;Me decepcion\u00f3 mucho&#8221;, declar\u00f3 Li Shuo, asesor principal de Greenpeace sobre el clima en Pek\u00edn.<\/p>\n\n\n\n<p>&#8220;Estamos llegando a la hora de la verdad. Espero que la pura realidad nos ayude a cambiar las acciones de la gente y a cambiar la pol\u00edtica&#8221;.<\/p>\n\n\n\n<p>Las conversaciones entre Estados Unidos y China podr\u00edan reanudarse la pr\u00f3xima semana con la visita a Pek\u00edn del enviado estadounidense para el clima, John Kerry, aunque pocos esperan que sirva para dar un nuevo impulso a las negociaciones sobre el clima.<\/p>\n\n\n\n<p>&#8220;Se trata m\u00e1s bien de un ejercicio de creaci\u00f3n de confianza&#8221;, dijo Li. &#8220;No creo que ninguna de las partes pueda presionar a la otra para que diga mucho m\u00e1s de lo que est\u00e1 dispuesta a hacer: la pol\u00edtica no lo permitir\u00e1&#8221;.<\/p>\n","protected":false},"excerpt":{"rendered":"<p>Si bien las temperaturas medias ya hab\u00edan superado temporalmente el umbral de 1,5\u00baC, fue la primera vez que esto ocurri\u00f3 en el verano del hemisferio norte, que comienza el 1&hellip; <\/p>\n","protected":false},"author":4,"featured_media":71420,"comment_status":"closed","ping_status":"open","sticky":false,"template":"","format":"standard","meta":{"footnotes":""},"categories":[11],"tags":[],"class_list":["post-71419","post","type-post","status-publish","format-standard","has-post-thumbnail","hentry","category-internacionales"],"_links":{"self":[{"href":"https:\/\/corrientesdetarde.com\/index.php\/wp-json\/wp\/v2\/posts\/71419","targetHints":{"allow":["GET"]}}],"collection":[{"href":"https:\/\/corrientesdetarde.com\/index.php\/wp-json\/wp\/v2\/posts"}],"about":[{"href":"https:\/\/corrientesdetarde.com\/index.php\/wp-json\/wp\/v2\/types\/post"}],"author":[{"embeddable":true,"href":"https:\/\/corrientesdetarde.com\/index.php\/wp-json\/wp\/v2\/users\/4"}],"replies":[{"embeddable":true,"href":"https:\/\/corrientesdetarde.com\/index.php\/wp-json\/wp\/v2\/comments?post=71419"}],"version-history":[{"count":1,"href":"https:\/\/corrientesdetarde.com\/index.php\/wp-json\/wp\/v2\/posts\/71419\/revisions"}],"predecessor-version":[{"id":71422,"href":"https:\/\/corrientesdetarde.com\/index.php\/wp-json\/wp\/v2\/posts\/71419\/revisions\/71422"}],"wp:featuredmedia":[{"embeddable":true,"href":"https:\/\/corrientesdetarde.com\/index.php\/wp-json\/wp\/v2\/media\/71420"}],"wp:attachment":[{"href":"https:\/\/corrientesdetarde.com\/index.php\/wp-json\/wp\/v2\/media?parent=71419"}],"wp:term":[{"taxonomy":"category","embeddable":true,"href":"https:\/\/corrientesdetarde.com\/index.php\/wp-json\/wp\/v2\/categories?post=71419"},{"taxonomy":"post_tag","embeddable":true,"href":"https:\/\/corrientesdetarde.com\/index.php\/wp-json\/wp\/v2\/tags?post=71419"}],"curies":[{"name":"wp","href":"https:\/\/api.w.org\/{rel}","templated":true}]}}