{"id":71421,"date":"2023-07-04T10:36:51","date_gmt":"2023-07-04T13:36:51","guid":{"rendered":"https:\/\/corrientesdetarde.com\/?p=71421"},"modified":"2023-07-04T10:36:51","modified_gmt":"2023-07-04T13:36:51","slug":"le-robaron-el-celular-a-un-periodista-correntino-mientras-realizaba-una-transmision-en-vivo","status":"publish","type":"post","link":"https:\/\/corrientesdetarde.com\/index.php\/actualidad\/le-robaron-el-celular-a-un-periodista-correntino-mientras-realizaba-una-transmision-en-vivo\/","title":{"rendered":"le robaron\u00a0el\u00a0celular a Un periodista correntino mientras realizaba una transmisi\u00f3n en vivo"},"content":{"rendered":"\n<p>El hecho ocurri\u00f3 en las primeras horas de la ma\u00f1ana.<\/p>\n\n\n\n<p>El periodista, Daniel Britez, fue interceptado por ladrones que le robaron el celular mientras realizaba una transmisi\u00f3n en vivo en la capital correntina.<\/p>\n\n\n\n<p>El hecho ocurri\u00f3 este martes a la ma\u00f1ana en inmediaciones de calle Cosqu\u00edn y Paysand\u00fa.&nbsp;<\/p>\n\n\n\n<p>El periodista estaba realizando un m\u00f3vil en vivo para radio cuando de repente anunci\u00f3&nbsp;<strong>&#8220;me robaron el celular de la empresa&#8221;.<\/strong>&nbsp;<\/p>\n\n\n\n<p>Cabe recordar que Britez sufri\u00f3 varios intento de robos. En el a\u00f1o 2021&nbsp;lo apu\u00f1alaron para robarle el celular.<\/p>\n\n\n\n<p>&#8220;Vamos a llegar al colmo de que los movileros tengan que salir con un polic\u00eda&#8221;, declar\u00f3 la conductura de la radio.&nbsp;<\/p>\n\n\n\n<p><strong>VIDEO DEL ROBO\u00a0<\/strong><\/p>\n\n\n\n<figure class=\"wp-block-embed is-type-video is-provider-youtube wp-block-embed-youtube wp-embed-aspect-16-9 wp-has-aspect-ratio\"><div class=\"wp-block-embed__wrapper\">\n<iframe loading=\"lazy\" title=\"Inseguridad en vivo: robaron a un m\u00f3vil de LT7 en plena transmisi\u00f3n\" width=\"1110\" height=\"624\" src=\"https:\/\/www.youtube.com\/embed\/oxfqxsJlR_8?feature=oembed\" frameborder=\"0\" allow=\"accelerometer; autoplay; clipboard-write; encrypted-media; gyroscope; picture-in-picture; web-share\" allowfullscreen><\/iframe>\n<\/div><\/figure>\n","protected":false},"excerpt":{"rendered":"<p>El hecho ocurri\u00f3 en las primeras horas de la ma\u00f1ana. El periodista, Daniel Britez, fue interceptado por ladrones que le robaron el celular mientras realizaba una transmisi\u00f3n en vivo en&hellip; <\/p>\n","protected":false},"author":4,"featured_media":71431,"comment_status":"closed","ping_status":"open","sticky":false,"template":"","format":"standard","meta":{"footnotes":""},"categories":[23],"tags":[],"class_list":["post-71421","post","type-post","status-publish","format-standard","has-post-thumbnail","hentry","category-actualidad"],"_links":{"self":[{"href":"https:\/\/corrientesdetarde.com\/index.php\/wp-json\/wp\/v2\/posts\/71421","targetHints":{"allow":["GET"]}}],"collection":[{"href":"https:\/\/corrientesdetarde.com\/index.php\/wp-json\/wp\/v2\/posts"}],"about":[{"href":"https:\/\/corrientesdetarde.com\/index.php\/wp-json\/wp\/v2\/types\/post"}],"author":[{"embeddable":true,"href":"https:\/\/corrientesdetarde.com\/index.php\/wp-json\/wp\/v2\/users\/4"}],"replies":[{"embeddable":true,"href":"https:\/\/corrientesdetarde.com\/index.php\/wp-json\/wp\/v2\/comments?post=71421"}],"version-history":[{"count":1,"href":"https:\/\/corrientesdetarde.com\/index.php\/wp-json\/wp\/v2\/posts\/71421\/revisions"}],"predecessor-version":[{"id":71434,"href":"https:\/\/corrientesdetarde.com\/index.php\/wp-json\/wp\/v2\/posts\/71421\/revisions\/71434"}],"wp:featuredmedia":[{"embeddable":true,"href":"https:\/\/corrientesdetarde.com\/index.php\/wp-json\/wp\/v2\/media\/71431"}],"wp:attachment":[{"href":"https:\/\/corrientesdetarde.com\/index.php\/wp-json\/wp\/v2\/media?parent=71421"}],"wp:term":[{"taxonomy":"category","embeddable":true,"href":"https:\/\/corrientesdetarde.com\/index.php\/wp-json\/wp\/v2\/categories?post=71421"},{"taxonomy":"post_tag","embeddable":true,"href":"https:\/\/corrientesdetarde.com\/index.php\/wp-json\/wp\/v2\/tags?post=71421"}],"curies":[{"name":"wp","href":"https:\/\/api.w.org\/{rel}","templated":true}]}}