{"id":71423,"date":"2023-07-04T10:20:53","date_gmt":"2023-07-04T13:20:53","guid":{"rendered":"https:\/\/corrientesdetarde.com\/?p=71423"},"modified":"2023-07-04T10:21:15","modified_gmt":"2023-07-04T13:21:15","slug":"amenaza-de-paro-de-colectivos-para-este-viernes","status":"publish","type":"post","link":"https:\/\/corrientesdetarde.com\/index.php\/locales\/amenaza-de-paro-de-colectivos-para-este-viernes\/","title":{"rendered":"amenaza de paro de colectivos para este viernes"},"content":{"rendered":"\n<p>El secretario general de la UTA-Corrientes, Jos\u00e9 Luis Sabao, anunci\u00f3 la posibilidad de que este viernes se concrete un nuevo paro de colectivos por el lapso de 24 horas.&nbsp;<\/p>\n\n\n\n<p>El gremialista explic\u00f3 que la medida de fuerza se llevar\u00e1 adelante &#8220;en caso de no cobrar el sueldo en el cuarto d\u00eda habil como corresponde&#8221;.&nbsp;<\/p>\n\n\n\n<p>&#8220;Ya hemos anunciado en secretario de Trabajo de que vamos a ir a una medida haciendo uso de nuestros derechos como trabajadores, porque siempre que se trate de salarios, el sector empresarial tiene la obligaci\u00f3n de pagarlo en tiempo y forma&#8221; , manifest\u00f3 Sabao en dialogo con Radio Dos.&nbsp;<\/p>\n\n\n\n<p>A su vez, dijo que la medida de fuerza se extender\u00e1 en principio por 24 horas, pero aclar\u00f3 que esa cuesti\u00f3n lo resolver\u00e1n en asamblea sobre cuanto podr\u00eda durar el paro.&nbsp;<\/p>\n\n\n\n<p>En cuanto si acatar\u00e1n la medida de conciliaci\u00f3n, dijo que &#8220;desconoce eso y no tengo notificaci\u00f3n de conciliaci\u00f3n. Pero s\u00ed puedo decir que cuando se trata&nbsp; de una cuesti\u00f3n salarial, ah\u00ed no hay ning\u00fan tipo de discusi\u00f3n&#8221;.&nbsp;<\/p>\n","protected":false},"excerpt":{"rendered":"<p>El secretario general de la UTA-Corrientes, Jos\u00e9 Luis Sabao, anunci\u00f3 la posibilidad de que este viernes se concrete un nuevo paro de colectivos por el lapso de 24 horas.&nbsp; El&hellip; <\/p>\n","protected":false},"author":1,"featured_media":71424,"comment_status":"closed","ping_status":"open","sticky":false,"template":"","format":"standard","meta":{"footnotes":""},"categories":[8],"tags":[],"class_list":["post-71423","post","type-post","status-publish","format-standard","has-post-thumbnail","hentry","category-locales"],"_links":{"self":[{"href":"https:\/\/corrientesdetarde.com\/index.php\/wp-json\/wp\/v2\/posts\/71423","targetHints":{"allow":["GET"]}}],"collection":[{"href":"https:\/\/corrientesdetarde.com\/index.php\/wp-json\/wp\/v2\/posts"}],"about":[{"href":"https:\/\/corrientesdetarde.com\/index.php\/wp-json\/wp\/v2\/types\/post"}],"author":[{"embeddable":true,"href":"https:\/\/corrientesdetarde.com\/index.php\/wp-json\/wp\/v2\/users\/1"}],"replies":[{"embeddable":true,"href":"https:\/\/corrientesdetarde.com\/index.php\/wp-json\/wp\/v2\/comments?post=71423"}],"version-history":[{"count":1,"href":"https:\/\/corrientesdetarde.com\/index.php\/wp-json\/wp\/v2\/posts\/71423\/revisions"}],"predecessor-version":[{"id":71425,"href":"https:\/\/corrientesdetarde.com\/index.php\/wp-json\/wp\/v2\/posts\/71423\/revisions\/71425"}],"wp:featuredmedia":[{"embeddable":true,"href":"https:\/\/corrientesdetarde.com\/index.php\/wp-json\/wp\/v2\/media\/71424"}],"wp:attachment":[{"href":"https:\/\/corrientesdetarde.com\/index.php\/wp-json\/wp\/v2\/media?parent=71423"}],"wp:term":[{"taxonomy":"category","embeddable":true,"href":"https:\/\/corrientesdetarde.com\/index.php\/wp-json\/wp\/v2\/categories?post=71423"},{"taxonomy":"post_tag","embeddable":true,"href":"https:\/\/corrientesdetarde.com\/index.php\/wp-json\/wp\/v2\/tags?post=71423"}],"curies":[{"name":"wp","href":"https:\/\/api.w.org\/{rel}","templated":true}]}}